{"id":2769,"date":"2021-06-20T07:19:00","date_gmt":"2021-06-20T07:19:00","guid":{"rendered":"http:\/\/www.hwv-ammerbuch.de\/?p=2769"},"modified":"2021-06-30T07:21:18","modified_gmt":"2021-06-30T07:21:18","slug":"2769","status":"publish","type":"post","link":"https:\/\/www.hwv-ammerbuch.de\/?p=2769","title":{"rendered":""},"content":{"rendered":"\n<p class=\"has-medium-font-size\">Sonnwendfeier<\/p>\n\n\n\n<p>Leider m\u00fcssen wir auch in diesem Jahr die Sonnwendfeier wegen der Corona-Pandemie absagen. Wir hoffen, dass wir das das Fest der Sonnenwende im n\u00e4chsten Jahr wieder mit der Ammerbucher Bev\u00f6lkerung feiern k\u00f6nnen.<\/p>\n\n\n\n<p class=\"has-medium-font-size\">Arbeitseinsatz<\/p>\n\n\n\n<p>Wir hoffen, dass in der Palmbergh\u00fctte bald wieder Veranstaltungen stattfinden d\u00fcrfen. Deshalb muss die H\u00fctte und unser Grundst\u00fcck wieder auf Vordermann gebracht werden. Wir hoffen, trotz der Kurzfristigkeit, auf viele flei\u00dfige Helfer und Helferinnen. Der Arbeitseinsatz am Samstag 26.06.2021 beginnt um 9 Uhr und dauert voraussichtlich bis ca. 14 Uhr.<\/p>\n","protected":false},"excerpt":{"rendered":"<p>Sonnwendfeier Leider m\u00fcssen wir auch in diesem Jahr die Sonnwendfeier wegen der Corona-Pandemie absagen. Wir hoffen, dass wir das das Fest der Sonnenwende im n\u00e4chsten Jahr wieder mit der Ammerbucher Bev\u00f6lkerung feiern k\u00f6nnen. Arbeitseinsatz Wir hoffen, dass in der Palmbergh\u00fctte bald wieder Veranstaltungen stattfinden d\u00fcrfen. Deshalb muss die H\u00fctte und unser Grundst\u00fcck wieder auf VordermannContinue reading &rarr;<\/p>\n","protected":false},"author":1,"featured_media":0,"comment_status":"closed","ping_status":"closed","sticky":false,"template":"","format":"standard","meta":{"footnotes":""},"categories":[1],"tags":[],"class_list":["post-2769","post","type-post","status-publish","format-standard","hentry","category-aktuelles","no-thumb"],"_links":{"self":[{"href":"https:\/\/www.hwv-ammerbuch.de\/index.php?rest_route=\/wp\/v2\/posts\/2769","targetHints":{"allow":["GET"]}}],"collection":[{"href":"https:\/\/www.hwv-ammerbuch.de\/index.php?rest_route=\/wp\/v2\/posts"}],"about":[{"href":"https:\/\/www.hwv-ammerbuch.de\/index.php?rest_route=\/wp\/v2\/types\/post"}],"author":[{"embeddable":true,"href":"https:\/\/www.hwv-ammerbuch.de\/index.php?rest_route=\/wp\/v2\/users\/1"}],"replies":[{"embeddable":true,"href":"https:\/\/www.hwv-ammerbuch.de\/index.php?rest_route=%2Fwp%2Fv2%2Fcomments&post=2769"}],"version-history":[{"count":1,"href":"https:\/\/www.hwv-ammerbuch.de\/index.php?rest_route=\/wp\/v2\/posts\/2769\/revisions"}],"predecessor-version":[{"id":2770,"href":"https:\/\/www.hwv-ammerbuch.de\/index.php?rest_route=\/wp\/v2\/posts\/2769\/revisions\/2770"}],"wp:attachment":[{"href":"https:\/\/www.hwv-ammerbuch.de\/index.php?rest_route=%2Fwp%2Fv2%2Fmedia&parent=2769"}],"wp:term":[{"taxonomy":"category","embeddable":true,"href":"https:\/\/www.hwv-ammerbuch.de\/index.php?rest_route=%2Fwp%2Fv2%2Fcategories&post=2769"},{"taxonomy":"post_tag","embeddable":true,"href":"https:\/\/www.hwv-ammerbuch.de\/index.php?rest_route=%2Fwp%2Fv2%2Ftags&post=2769"}],"curies":[{"name":"wp","href":"https:\/\/api.w.org\/{rel}","templated":true}]}}