{"id":2761,"date":"2021-02-25T08:57:00","date_gmt":"2021-02-25T08:57:00","guid":{"rendered":"http:\/\/www.hwv-ammerbuch.de\/?p=2761"},"modified":"2023-02-04T20:17:48","modified_gmt":"2023-02-04T20:17:48","slug":"2761","status":"publish","type":"post","link":"https:\/\/www.hwv-ammerbuch.de\/?p=2761","title":{"rendered":""},"content":{"rendered":"\n<p class=\"has-medium-font-size\">Funde aus der Poltringer Ortsgeschichte \u2013 \u201eFamiliennamen in Poltringen im 14. Jahrhundert\u201c<\/p>\n\n\n\n<p>Eine der \u00e4ltesten Quellen f\u00fcr b\u00fcrgerliche Familiennamen in unserer Region sind die sog. Urbare. Dies sind Auflistungen von Einnahmen und eventuell Ausgaben der regionalen Herrschaften. Nachfolgend sind drei \u00e4ltesten bekannten aus dem 14. Jahrhundert aufgef\u00fchrt.<\/p>\n\n\n\n<p>Das Altw\u00fcrttembergische Urbar von um 1350 ist das in Latein verfasste, erste Gesamtverzeichnis der Einnahmen der, damals noch, Grafschaft W\u00fcrttemberg. In diesem sind nur einzelne Familiennamen von Ortsherrschaften (von Ehingen, von Hailfingen, von Effringen) in Bezug zu \u201eIn Boltring\u201c dokumentiert, keine Namen Poltringer B\u00fcrger.<\/p>\n\n\n\n<p>Das Bebenh\u00e4user Urbar von 1356 ist das in Latein verfasste, erste Gesamtverzeichnis der j\u00e4hrlich wiederkehrenden festen und ertragsabh\u00e4ngigen Einnahmen von Bauern und B\u00fcrgern des 1191 gegr\u00fcndeten Klosters Bebenhausen aus seinem eigenen Grundbesitz und den Abgaben, die das Kloster anderen schuldete. In diesem sind folgende Familiennamen in Bezug zu \u201eBoltringen\u201c bzw. \u201eOberkirch\/Oberkirlich\u201c, bei Beschreibung des Grundst\u00fccks als Abgabenschuldner oder Anlieger genannt, dokumentiert (in Klammer eigene, freie, sinngem\u00e4\u00dfe \u00dcbertragung in modernes Deutsch, wenn notwendig):<\/p>\n\n\n\n<ul class=\"wp-block-list\">\n<li>Wernheri de Poltringen (Werner von Poltringen)<\/li>\n\n\n\n<li>Anshelmus de Halvingen (Anselm von Hailfingen)<\/li>\n\n\n\n<li>Hermanni de Owe (Herrmann von Ow)<\/li>\n\n\n\n<li>de Ehingen (von Ehningen)<\/li>\n\n\n\n<li>de Effringen (von Effringen)<\/li>\n\n\n\n<li>Bertoldi M\u00farer (Berthold Maurer)<\/li>\n\n\n\n<li>Uolen (Uhlen)<\/li>\n\n\n\n<li>Uelen de Bernhusen (\u00dchlen von Bernhausen)<\/li>\n\n\n\n<li>Cunradus Beben (Konrad Beben)<\/li>\n\n\n\n<li>Seddenlin (Settelin)<\/li>\n\n\n\n<li>Uloni (\u00dchloni)<\/li>\n\n\n\n<li>Anshelmi (Anselm)<\/li>\n\n\n\n<li>Bl\u00fame (Bl\u00fcme)<\/li>\n\n\n\n<li>Suter<\/li>\n\n\n\n<li>Stival (Stiefel)<\/li>\n\n\n\n<li>Halderin (Halder)<\/li>\n\n\n\n<li>Linder<\/li>\n\n\n\n<li>Stival (Stiefel)<\/li>\n\n\n\n<li>H. Schimilli (Schimmel)<\/li>\n<\/ul>\n\n\n\n<p>Das Sch\u00f6nbuch-Urbar von 1383 ist das erste Forstlagerbuch der Grafschaft W\u00fcrttemberg. Es ist in Deutsch verfasst. Ein Forstlagerbuch verzeichnet in Bezirken wie dem Sch\u00f6nbuch, in denen W\u00fcrttemberg die Forsthoheit hatte, die dortigen Waldnutzungsrechte und die Eink\u00fcnfte. Vorher gab es keinerlei gesammelte \u00dcbersicht \u00fcber diese Rechte. F\u00fcr \u201eBoltringen\u201c, das dem \u201eober ampt (Oberen Amt)\u201c der herrschaftlichen Sch\u00f6nbuchverwaltung zugeordnet war und umfangreiche Nutzungsrechte am Sch\u00f6nbuch hatte, sind folgende Familiennamen dokumentiert:<\/p>\n\n\n\n<ul class=\"wp-block-list\">\n<li>Eberhart Selder<\/li>\n\n\n\n<li>Uel<\/li>\n\n\n\n<li>Aberlin Fronmayer<\/li>\n\n\n\n<li>Bentz Bruehsel<\/li>\n\n\n\n<li>Wernher Truemlin<\/li>\n\n\n\n<li>K\u00fcng<\/li>\n\n\n\n<li>Eberlin Sueter<\/li>\n\n\n\n<li>Haintz der Vogkeler<\/li>\n\n\n\n<li>Cuentz Schuler<\/li>\n\n\n\n<li>Burchart Brun<\/li>\n\n\n\n<li>Hans der Frie<\/li>\n\n\n\n<li>Hans Foekler<\/li>\n\n\n\n<li>Aberlin Schuetz<\/li>\n\n\n\n<li>Felman<\/li>\n\n\n\n<li>Haintz Hagen<\/li>\n\n\n\n<li>Cuentz Huemel<\/li>\n\n\n\n<li>Haintz der Murer<\/li>\n\n\n\n<li>Hueg Hagen<\/li>\n\n\n\n<li>Sueter<\/li>\n\n\n\n<li>Walther<\/li>\n\n\n\n<li>Eberhart Riser<\/li>\n<\/ul>\n\n\n\n<p>Quellen zu \u201eAltw\u00fcrttembergisches Urbar\u201c 1350: Original im Hauptstaatsarchiv Stuttgart, Transkription nicht vorhanden; \u201eBebenh\u00e4user Urbar\u201c 1356: Original im Hauptstaatsarchiv Stuttgart, Transkription in &#8222;Das Bebenh\u00e4user Urbar von 1356\u201c (2015) von W. Wille; \u201eSch\u00f6nbuch Urbar\u201c 1383: Original im Hauptstaatsarchiv Stuttgart, Transkription in &#8222;W\u00fcrttembergische Geschichtsquellen&#8220;, 23. Band (1934) von K. 0. M\u00fcller<\/p>\n\n\n\n<figure class=\"wp-block-image size-large is-style-default\"><img loading=\"lazy\" decoding=\"async\" width=\"760\" height=\"1024\" src=\"http:\/\/www.hwv-ammerbuch.de\/wp-content\/uploads\/2021\/03\/HWV-AG-Familiennamen-in-Urbaren-760x1024.jpg\" alt=\"\" class=\"wp-image-2762\" srcset=\"https:\/\/www.hwv-ammerbuch.de\/wp-content\/uploads\/2021\/03\/HWV-AG-Familiennamen-in-Urbaren-760x1024.jpg 760w, https:\/\/www.hwv-ammerbuch.de\/wp-content\/uploads\/2021\/03\/HWV-AG-Familiennamen-in-Urbaren-223x300.jpg 223w, https:\/\/www.hwv-ammerbuch.de\/wp-content\/uploads\/2021\/03\/HWV-AG-Familiennamen-in-Urbaren-768x1035.jpg 768w, https:\/\/www.hwv-ammerbuch.de\/wp-content\/uploads\/2021\/03\/HWV-AG-Familiennamen-in-Urbaren-1139x1536.jpg 1139w, https:\/\/www.hwv-ammerbuch.de\/wp-content\/uploads\/2021\/03\/HWV-AG-Familiennamen-in-Urbaren.jpg 1387w\" sizes=\"auto, (max-width: 760px) 100vw, 760px\" \/><figcaption class=\"wp-element-caption\">Digitalisat der \u201eSch\u00f6nbuch Urbar\u201c Seite f\u00fcr Poltringen von 1383, Hauptstaatsarchiv Stuttgart (H 107\/18 Bd. 1 \u2013 Blatt 19 R<\/figcaption><\/figure>\n\n\n\n<p>Wer hierzu vertiefende Informationen beitragen kann oder andere Geschichten als \u201eFundst\u00fccke\u201c beitragen m\u00f6chte, kann sich gerne bei unserer AG melden (heimatgeschichte \u00e4t hwv-ammerbuch punkt de).<\/p>\n\n\n\n<p class=\"has-text-align-right\">F\u00fcr die AG \u201ePoltringer Ortsgeschichte\u201c, Boris Dieter<\/p>\n","protected":false},"excerpt":{"rendered":"<p>Funde aus der Poltringer Ortsgeschichte \u2013 \u201eFamiliennamen in Poltringen im 14. Jahrhundert\u201c Eine der \u00e4ltesten Quellen f\u00fcr b\u00fcrgerliche Familiennamen in unserer Region sind die sog. Urbare. Dies sind Auflistungen von Einnahmen und eventuell Ausgaben der regionalen Herrschaften. Nachfolgend sind drei \u00e4ltesten bekannten aus dem 14. Jahrhundert aufgef\u00fchrt. Das Altw\u00fcrttembergische Urbar von um 1350 ist dasContinue reading &rarr;<\/p>\n","protected":false},"author":1,"featured_media":0,"comment_status":"closed","ping_status":"closed","sticky":false,"template":"","format":"standard","meta":{"footnotes":""},"categories":[12],"tags":[],"class_list":["post-2761","post","type-post","status-publish","format-standard","hentry","category-poltringer-heimatgeschichte","no-thumb"],"_links":{"self":[{"href":"https:\/\/www.hwv-ammerbuch.de\/index.php?rest_route=\/wp\/v2\/posts\/2761","targetHints":{"allow":["GET"]}}],"collection":[{"href":"https:\/\/www.hwv-ammerbuch.de\/index.php?rest_route=\/wp\/v2\/posts"}],"about":[{"href":"https:\/\/www.hwv-ammerbuch.de\/index.php?rest_route=\/wp\/v2\/types\/post"}],"author":[{"embeddable":true,"href":"https:\/\/www.hwv-ammerbuch.de\/index.php?rest_route=\/wp\/v2\/users\/1"}],"replies":[{"embeddable":true,"href":"https:\/\/www.hwv-ammerbuch.de\/index.php?rest_route=%2Fwp%2Fv2%2Fcomments&post=2761"}],"version-history":[{"count":2,"href":"https:\/\/www.hwv-ammerbuch.de\/index.php?rest_route=\/wp\/v2\/posts\/2761\/revisions"}],"predecessor-version":[{"id":2965,"href":"https:\/\/www.hwv-ammerbuch.de\/index.php?rest_route=\/wp\/v2\/posts\/2761\/revisions\/2965"}],"wp:attachment":[{"href":"https:\/\/www.hwv-ammerbuch.de\/index.php?rest_route=%2Fwp%2Fv2%2Fmedia&parent=2761"}],"wp:term":[{"taxonomy":"category","embeddable":true,"href":"https:\/\/www.hwv-ammerbuch.de\/index.php?rest_route=%2Fwp%2Fv2%2Fcategories&post=2761"},{"taxonomy":"post_tag","embeddable":true,"href":"https:\/\/www.hwv-ammerbuch.de\/index.php?rest_route=%2Fwp%2Fv2%2Ftags&post=2761"}],"curies":[{"name":"wp","href":"https:\/\/api.w.org\/{rel}","templated":true}]}}