{"id":2756,"date":"2021-02-09T08:53:00","date_gmt":"2021-02-09T08:53:00","guid":{"rendered":"http:\/\/www.hwv-ammerbuch.de\/?p=2756"},"modified":"2021-03-12T08:54:43","modified_gmt":"2021-03-12T08:54:43","slug":"2756","status":"publish","type":"post","link":"https:\/\/www.hwv-ammerbuch.de\/?p=2756","title":{"rendered":""},"content":{"rendered":"\n<p class=\"has-medium-font-size\">Heimatpreis Baden-W\u00fcrttemberg 2020 Unser Geschichtsbuch: \u201eEin Dorf in 50 Geschichten\u201c schaffte es bis zur Endauswahl<\/p>\n\n\n\n<p>Seit 1982 schreibt das Land Baden-W\u00fcrttemberg j\u00e4hrlich den &#8222;Landespreis f\u00fcr Heimatforschung&#8220; aus. Er soll besondere Leistungen in der Erforschung der lokalen Geschichte und der Traditionen durch ehrenamtlich t\u00e4tige Heimatforscher w\u00fcrdigen. In der Hauptkategorie war letztes Jahr auch unser Poltringer Geschichtsbuch \u201eEin Dorf in f\u00fcnfzig Geschichten\u201c (Herausgeber: Heimat- und Wanderverein Ammerbuch e.V.) nominiert. F\u00fcr einen ersten oder zweiten Platz hat es zwar nicht gereicht, aber das Buch wurde zu unserer Freude lobend erw\u00e4hnt:<\/p>\n\n\n\n<p><strong>\u201eDie Jury \u00e4u\u00dferte aber gro\u00dfen Respekt vor Ihrer Arbeitsleistung. Ihr Werk war solcherma\u00dfen qualifiziert, dass es die Endauswahl der Jurysitzungen erreicht hat.\u201c<\/strong><\/p>\n\n\n\n<p><strong>Wir gratulieren deshalb allen, die an diesem Buch beteiligt waren und wir gratulieren besonders unserem Autor Boris Dieter, der f\u00fcr unsere Heimatforschung eine gro\u00dfe Bereicherung ist.<\/strong><\/p>\n\n\n\n<p>Mit ihrem Buchkauf unterst\u00fctzen Sie unsere Vereinsarbeit. Es kostet 20,00 \u20ac und ist bei Papierkittel in Poltringen, bei unserem Autor Boris Dieter und bei Margot Sailer (070732127) erh\u00e4ltlich. Das Buch kann auch per Post oder pers\u00f6nlich zugestellt werden. Info: www.hwv-ammerbuch.de<\/p>\n\n\n\n<p>N\u00e4here Informationen zum Buch, Leseproben und die Besprechung im Schw\u00e4bischen Tagblatt k\u00f6nnen Sie auf der Homepage des Neckar-Alb-Verlages einsehen.<\/p>\n\n\n\n<p>Die Vorstandschaft des Heimat- und Wanderverein Ammerbuch e.V.<\/p>\n","protected":false},"excerpt":{"rendered":"<p>Heimatpreis Baden-W\u00fcrttemberg 2020 Unser Geschichtsbuch: \u201eEin Dorf in 50 Geschichten\u201c schaffte es bis zur Endauswahl Seit 1982 schreibt das Land Baden-W\u00fcrttemberg j\u00e4hrlich den &#8222;Landespreis f\u00fcr Heimatforschung&#8220; aus. Er soll besondere Leistungen in der Erforschung der lokalen Geschichte und der Traditionen durch ehrenamtlich t\u00e4tige Heimatforscher w\u00fcrdigen. In der Hauptkategorie war letztes Jahr auch unser Poltringer GeschichtsbuchContinue reading &rarr;<\/p>\n","protected":false},"author":1,"featured_media":0,"comment_status":"closed","ping_status":"closed","sticky":false,"template":"","format":"standard","meta":{"footnotes":""},"categories":[1,12],"tags":[],"class_list":["post-2756","post","type-post","status-publish","format-standard","hentry","category-aktuelles","category-poltringer-heimatgeschichte","no-thumb"],"_links":{"self":[{"href":"https:\/\/www.hwv-ammerbuch.de\/index.php?rest_route=\/wp\/v2\/posts\/2756","targetHints":{"allow":["GET"]}}],"collection":[{"href":"https:\/\/www.hwv-ammerbuch.de\/index.php?rest_route=\/wp\/v2\/posts"}],"about":[{"href":"https:\/\/www.hwv-ammerbuch.de\/index.php?rest_route=\/wp\/v2\/types\/post"}],"author":[{"embeddable":true,"href":"https:\/\/www.hwv-ammerbuch.de\/index.php?rest_route=\/wp\/v2\/users\/1"}],"replies":[{"embeddable":true,"href":"https:\/\/www.hwv-ammerbuch.de\/index.php?rest_route=%2Fwp%2Fv2%2Fcomments&post=2756"}],"version-history":[{"count":1,"href":"https:\/\/www.hwv-ammerbuch.de\/index.php?rest_route=\/wp\/v2\/posts\/2756\/revisions"}],"predecessor-version":[{"id":2757,"href":"https:\/\/www.hwv-ammerbuch.de\/index.php?rest_route=\/wp\/v2\/posts\/2756\/revisions\/2757"}],"wp:attachment":[{"href":"https:\/\/www.hwv-ammerbuch.de\/index.php?rest_route=%2Fwp%2Fv2%2Fmedia&parent=2756"}],"wp:term":[{"taxonomy":"category","embeddable":true,"href":"https:\/\/www.hwv-ammerbuch.de\/index.php?rest_route=%2Fwp%2Fv2%2Fcategories&post=2756"},{"taxonomy":"post_tag","embeddable":true,"href":"https:\/\/www.hwv-ammerbuch.de\/index.php?rest_route=%2Fwp%2Fv2%2Ftags&post=2756"}],"curies":[{"name":"wp","href":"https:\/\/api.w.org\/{rel}","templated":true}]}}