{"id":2750,"date":"2021-02-03T08:49:00","date_gmt":"2021-02-03T08:49:00","guid":{"rendered":"http:\/\/www.hwv-ammerbuch.de\/?p=2750"},"modified":"2023-02-04T20:18:31","modified_gmt":"2023-02-04T20:18:31","slug":"2750","status":"publish","type":"post","link":"https:\/\/www.hwv-ammerbuch.de\/?p=2750","title":{"rendered":""},"content":{"rendered":"\n<p class=\"has-medium-font-size\">Funde aus der Poltringer Ortsgeschichte \u2013 \u201ePoltringer Grenzsteine\u201c<\/p>\n\n\n\n<p>Es gibt an den ehemaligen Gemarkungsgrenzen der Gemeinde Poltringen einige sch\u00f6ne, noch erhaltene historische Grenzsteine. Da es durch die digitale Erfassung von Grundst\u00fccksgrenzen und die Eingemeindung Poltringens keinen Bedarf mehr an den Grenzsteinen gibt, sind viele aber auch zerst\u00f6rt, vergraben oder entfernt. Im Grenzprotokoll von 1767 sind etwa 100 Grenzsteine genannt.<\/p>\n\n\n\n<p>Besondere Exemplare finden sich hier:<\/p>\n\n\n\n<p><strong>Gemarkungsgrenze zu Entringen<\/strong><\/p>\n\n\n\n<p>Hier gibt es ein sch\u00f6nes Exemplar auf dem H\u00f6henr\u00fccken n\u00f6rdlich der Reithalle Poltringen und \u00f6stlich des Flugfeldes. Der Grenzstein aus Sandstein markierte die Grenze der (Ge-) Markung Poltringen und Entringen. Er tr\u00e4gt daher auf der Nordseite die Markierung \u201eM\u201c und \u201eE\u201c (Markung Entringen) und auf der S\u00fcdseite die Markierung \u201eM\u201c und \u201eP\u201c (Markung Poltringen).<\/p>\n\n\n\n<p><strong>Poltringer Sch\u00f6nbuchwald<\/strong><\/p>\n\n\n\n<p>An den ehemaligen Waldbesitz Poltringens 1820 bis 1890 im Sch\u00f6nbuch, zwei gro\u00dfe verbundene Waldst\u00fccke nord\u00f6stlich und nordwestlich von Hohenentringen, erinnern auch noch zwei Grenzsteine. Weitere harren sicher der Entdeckung. Der eine liegt versteckt zwischen dem Wanderparkplatz am \u201eSaurucken\u201c und dem Friedwald mitten im Wald am F\u00fcllesth\u00e4le und markierte damals das n\u00f6rdliche Ende des Poltringer \u201eCommunewaldes\u201c sowie heute des Friedwaldes. Der andere markiert, ebenfalls mitten im Wald versteckt, das \u00f6stlichste Ende des ehemaligen Poltringer Waldes nord\u00f6stlich von Hohenentringen, am S\u00fcdrand des s\u00fcdlichen Zweiges des Winterth\u00e4lebaches und direkt am Wildgehegezaun.<\/p>\n\n\n\n<p>Das Waldgrundst\u00fcck unterhalb bzw. nordwestliche von Hohenentringen weist nach bisherigem Kenntnisstand keine \u201eneuen\u201c Grenzsteine von 1821 mit Poltringer Markierung auf. Hier finden sich alte Grenzsteine mit Markierungen \u201eHE\/Hohenentringen\u201c oder \u201eAbtsstab\/PR + CB\/Pflege Roseck + Closter Bebenhausen\u201c.<\/p>\n\n\n\n<p><strong>Gemarkungsgrenze zu Pf\u00e4ffingen<\/strong><\/p>\n\n\n\n<p>Hier gibt es im Heidenwald ein sch\u00f6nes Exemplar, das als Poltringer Kleindenkmal registriert ist. Es zeigt auf der S\u00fcdseite den Adler der Familie von G\u00fcltlingen (fr\u00fcher Ortsherren von Pf\u00e4ffingen 1527 bis 1699) und auf der S\u00fcdseite vermutlich einen Abtsstab (f\u00fcr Bebenhausen) und drei Geweihstangen (f\u00fcr W\u00fcrttemberg). Das Alter des Steines ist unbekannt, durch die Inschriften d\u00fcrfte er aber etwa 300-400 Jahre alt sein. Es liegt auf der H\u00fcgelkante des Heidenwaldes zum Sulztal hin etwa 5 Meter links des Weges auf dem H\u00f6henr\u00fccken, wenn man den Fu\u00dfweg ab dem Ende des Feldweges nach Poltringen wenige Meter Richtung Osten l\u00e4uft.<\/p>\n\n\n\n<p>Ebenfalls im Heidenwald gibt es ein weiteres sehr besonderes Exemplar, das bisher noch nicht dokumentiert ist und in einem eigenen Artikel beschrieben wird.<\/p>\n\n\n\n<p>Wer hierzu vertiefende Informationen beitragen kann oder andere Geschichten als \u201eFundst\u00fccke\u201c beitragen m\u00f6chte, kann sich gerne bei unserer AG melden (heimatgeschichte \u00e4t hwv-ammerbuch punkt de).<\/p>\n\n\n\n<p class=\"has-text-align-right\">F\u00fcr die AG \u201ePoltringer Heimatgeschichte\u201c, Boris Dieter<\/p>\n\n\n\n<figure class=\"wp-block-image size-large\"><img loading=\"lazy\" decoding=\"async\" width=\"768\" height=\"1024\" src=\"http:\/\/www.hwv-ammerbuch.de\/wp-content\/uploads\/2021\/03\/HWV-AG-Poltringer-Grenzsteine-768x1024.jpg\" alt=\"\" class=\"wp-image-2751\" srcset=\"https:\/\/www.hwv-ammerbuch.de\/wp-content\/uploads\/2021\/03\/HWV-AG-Poltringer-Grenzsteine-768x1024.jpg 768w, https:\/\/www.hwv-ammerbuch.de\/wp-content\/uploads\/2021\/03\/HWV-AG-Poltringer-Grenzsteine-225x300.jpg 225w, https:\/\/www.hwv-ammerbuch.de\/wp-content\/uploads\/2021\/03\/HWV-AG-Poltringer-Grenzsteine-1152x1536.jpg 1152w, https:\/\/www.hwv-ammerbuch.de\/wp-content\/uploads\/2021\/03\/HWV-AG-Poltringer-Grenzsteine.jpg 1386w\" sizes=\"auto, (max-width: 768px) 100vw, 768px\" \/><figcaption class=\"wp-element-caption\"><strong>\u201ePoltringer Grenzstein\u201c von 1821 von Osten aufgenommen, hinten \u201e1821\u201c \/ \u201eP\u201c (Poltringen), vorne \u201eHirschstange\u201c (W\u00fcrttemberg) und Nummerierung \u201e245\u201c mitten im Wald am Winterth\u00e4lebach, markierte die \u00f6stlichste Grenze des Poltringer Gemeindewaldes<\/strong><\/figcaption><\/figure>\n","protected":false},"excerpt":{"rendered":"<p>Funde aus der Poltringer Ortsgeschichte \u2013 \u201ePoltringer Grenzsteine\u201c Es gibt an den ehemaligen Gemarkungsgrenzen der Gemeinde Poltringen einige sch\u00f6ne, noch erhaltene historische Grenzsteine. Da es durch die digitale Erfassung von Grundst\u00fccksgrenzen und die Eingemeindung Poltringens keinen Bedarf mehr an den Grenzsteinen gibt, sind viele aber auch zerst\u00f6rt, vergraben oder entfernt. Im Grenzprotokoll von 1767 sindContinue reading &rarr;<\/p>\n","protected":false},"author":1,"featured_media":0,"comment_status":"closed","ping_status":"closed","sticky":false,"template":"","format":"standard","meta":{"footnotes":""},"categories":[12],"tags":[],"class_list":["post-2750","post","type-post","status-publish","format-standard","hentry","category-poltringer-heimatgeschichte","no-thumb"],"_links":{"self":[{"href":"https:\/\/www.hwv-ammerbuch.de\/index.php?rest_route=\/wp\/v2\/posts\/2750","targetHints":{"allow":["GET"]}}],"collection":[{"href":"https:\/\/www.hwv-ammerbuch.de\/index.php?rest_route=\/wp\/v2\/posts"}],"about":[{"href":"https:\/\/www.hwv-ammerbuch.de\/index.php?rest_route=\/wp\/v2\/types\/post"}],"author":[{"embeddable":true,"href":"https:\/\/www.hwv-ammerbuch.de\/index.php?rest_route=\/wp\/v2\/users\/1"}],"replies":[{"embeddable":true,"href":"https:\/\/www.hwv-ammerbuch.de\/index.php?rest_route=%2Fwp%2Fv2%2Fcomments&post=2750"}],"version-history":[{"count":2,"href":"https:\/\/www.hwv-ammerbuch.de\/index.php?rest_route=\/wp\/v2\/posts\/2750\/revisions"}],"predecessor-version":[{"id":2968,"href":"https:\/\/www.hwv-ammerbuch.de\/index.php?rest_route=\/wp\/v2\/posts\/2750\/revisions\/2968"}],"wp:attachment":[{"href":"https:\/\/www.hwv-ammerbuch.de\/index.php?rest_route=%2Fwp%2Fv2%2Fmedia&parent=2750"}],"wp:term":[{"taxonomy":"category","embeddable":true,"href":"https:\/\/www.hwv-ammerbuch.de\/index.php?rest_route=%2Fwp%2Fv2%2Fcategories&post=2750"},{"taxonomy":"post_tag","embeddable":true,"href":"https:\/\/www.hwv-ammerbuch.de\/index.php?rest_route=%2Fwp%2Fv2%2Ftags&post=2750"}],"curies":[{"name":"wp","href":"https:\/\/api.w.org\/{rel}","templated":true}]}}