{"id":2744,"date":"2021-01-21T08:42:00","date_gmt":"2021-01-21T08:42:00","guid":{"rendered":"http:\/\/www.hwv-ammerbuch.de\/?p=2744"},"modified":"2023-02-04T20:18:55","modified_gmt":"2023-02-04T20:18:55","slug":"2744","status":"publish","type":"post","link":"https:\/\/www.hwv-ammerbuch.de\/?p=2744","title":{"rendered":""},"content":{"rendered":"\n<p><\/p>\n\n\n\n<figure class=\"wp-block-image size-large\"><img loading=\"lazy\" decoding=\"async\" width=\"1024\" height=\"768\" src=\"http:\/\/www.hwv-ammerbuch.de\/wp-content\/uploads\/2021\/03\/IMG_2057-1024x768.jpg\" alt=\"\" class=\"wp-image-2745\" srcset=\"https:\/\/www.hwv-ammerbuch.de\/wp-content\/uploads\/2021\/03\/IMG_2057-1024x768.jpg 1024w, https:\/\/www.hwv-ammerbuch.de\/wp-content\/uploads\/2021\/03\/IMG_2057-300x225.jpg 300w, https:\/\/www.hwv-ammerbuch.de\/wp-content\/uploads\/2021\/03\/IMG_2057-768x576.jpg 768w, https:\/\/www.hwv-ammerbuch.de\/wp-content\/uploads\/2021\/03\/IMG_2057-1536x1152.jpg 1536w, https:\/\/www.hwv-ammerbuch.de\/wp-content\/uploads\/2021\/03\/IMG_2057-2048x1536.jpg 2048w, https:\/\/www.hwv-ammerbuch.de\/wp-content\/uploads\/2021\/03\/IMG_2057-400x300.jpg 400w\" sizes=\"auto, (max-width: 1024px) 100vw, 1024px\" \/><\/figure>\n\n\n\n<p class=\"has-medium-font-size\"><u>INFOS ZUM POLTRINGENBUCH<\/u><\/p>\n\n\n\n<p>Da es immer wieder diverse Fragen rund um das Poltringenbuch gibt, hier eine Zusammenstellung der wichtigsten Fragen und Antworten.<\/p>\n\n\n\n<p><strong>Sind die Artikel im Buch identisch mit den Artikeln im Amtsblatt?<\/strong><\/p>\n\n\n\n<p>Ja und Nein, f\u00fcr das Buch wurden die im Amtsblatt ver\u00f6ffentlichten Artikel oft \u00fcberarbeitet:<\/p>\n\n\n\n<ul class=\"wp-block-list\">\n<li>der Text wurde in vielen F\u00e4llen aktualisiert und detailliert<\/li>\n\n\n\n<li>die Bilder sind nun alle in Farbe statt schwarz-wei\u00df abgebildet<\/li>\n\n\n\n<li>die Bilder sind gr\u00f6\u00dfer abgebildet wie im Amtsblatt<\/li>\n\n\n\n<li>es wurden zudem viele neuen Bilder eingef\u00fcgt<\/li>\n<\/ul>\n\n\n\n<p><strong>Sind im Buch alle bis April 2020 (Ver\u00f6ffentlichungsdatum des Buches) erschienenen Artikel enthalten?<\/strong><\/p>\n\n\n\n<p>Nein,&nbsp;im Buch finden sich von den bis April 2020 erschienenen fast 70 heimatgeschichtlichen Artikeln nur 50. Ein Teil wird aber \u00fcberarbeitet in dem Anfang 2021 erscheinenden Buch \u00fcber die Ammerbucher Heimatgeschichte mit fast 40 Artikeln enthalten sein.<\/p>\n\n\n\n<p><strong>Gibt es Leseproben des Buches?<\/strong><\/p>\n\n\n\n<p>Ja,&nbsp;drei Doppelseiten des Buches k\u00f6nnen als Leseprobe auf der Homepage des Verlages als Vorschau eingesehen werden:&nbsp;<a rel=\"noreferrer noopener\" href=\"https:\/\/deref-gmx.net\/mail\/client\/zW1WiVCWSms\/dereferrer\/?redirectUrl=https%3A%2F%2Fneckaralb-verlag.de%2Fboris-dieter-50-geschichten%2F\" target=\"_blank\">https:\/\/neckaralb-verlag.de\/boris-dieter-50-geschichten\/<\/a><\/p>\n\n\n\n<p><strong>Gibt es eine Besprechung des Buches?<\/strong><\/p>\n\n\n\n<p>Ja,&nbsp;eine solche Besprechung des TAGBLATT ist am 17.12.2020 erschienen und kann beim TAGBLATT online oder auf der Verlags-Homepage eingesehen werden:&nbsp;<a rel=\"noreferrer noopener\" href=\"https:\/\/deref-gmx.net\/mail\/client\/UFFpTmkcICs\/dereferrer\/?redirectUrl=https%3A%2F%2Fneckaralb-verlag.de%2F50-geschichten-im-tagblatt%2F\" target=\"_blank\">https:\/\/neckaralb-verlag.de\/50-geschichten-im-tagblatt\/<\/a><\/p>\n\n\n\n<p><strong>Kann ich das Poltringenbuch nur beim Verlag erwerben?<\/strong><\/p>\n\n\n\n<p>Nein,&nbsp;Verkaufsstellen des Buches sind die Postagentur und Schreibwarenhandlung \u201ePapier Kittel\u201c (Poltringer Hauptstr. 49) oder die Palmbergh\u00fctte zu den \u00d6ffnungszeiten, der Ortsvorsteher Herr Hess im Poltringer Rathaus zu den Sprechzeiten (Poltringer Hauptstra\u00dfe 45), die 1. Vorsitzende des HWV Margot Sailer (Pfalzgrafenring 5) und beim Autor Boris Dieter (Poltringen, Schickhardtring 15). Verkauf \u00fcber den Verlag oder den Buchhandel erfolgt nur in Einzelf\u00e4llen.<\/p>\n\n\n\n<p><strong>Kann ich das Poltringenbuch auch kontaktfrei und kostenlos geliefert bekommen?<\/strong><\/p>\n\n\n\n<p>Ja,&nbsp;wenn Sie in Ammerbuch, Unterjesingen und Oberndorf wohnen. Au\u00dferhalb des Liefergebietes ist in Deutschland gerne Postversand gegen 3,10 EUR Porto- und Verpackungsaufschlag m\u00f6glich.<\/p>\n\n\n\n<p>1. Sie bestellen das Buch per Mail unter heimatgeschichte \u00e4t hwv-ammerbuch punkt de oder per Anruf unter 07073-300 769 oder\u00a0-21 27<\/p>\n\n\n\n<p>2. wir bringen Ihnen ein eingeschwei\u00dftes Buch per \u00dcbergabe mit Abstand vorbei (gerne auch zu vereinbartem Termin)<\/p>\n\n\n\n<p>3. Sie geben uns den Kaufpreis von 20 EUR in bar bei der \u00dcbergabe<\/p>\n\n\n\n<p><strong>Wem kommt der Erl\u00f6s des Buches zugute?<\/strong><\/p>\n\n\n\n<p>Der Erl\u00f6s des Buches kommt zu 100% der Vereinsarbeit des Heimat- und Wandervereins Ammerbuch e.V. zugute. Kosten wie Druck, Verlag, Lieferung, Bildrechte, Honorare etc. sind, auch durch Unterst\u00fctzung unserer Sponsoren Volksbank Ammerbuch und IBM, schon erstattet.<\/p>\n\n\n\n<p class=\"has-text-align-right\">Katrin Flaisch | Schriftf\u00fchrerin<\/p>\n","protected":false},"excerpt":{"rendered":"<p>INFOS ZUM POLTRINGENBUCH Da es immer wieder diverse Fragen rund um das Poltringenbuch gibt, hier eine Zusammenstellung der wichtigsten Fragen und Antworten. Sind die Artikel im Buch identisch mit den Artikeln im Amtsblatt? Ja und Nein, f\u00fcr das Buch wurden die im Amtsblatt ver\u00f6ffentlichten Artikel oft \u00fcberarbeitet: Sind im Buch alle bis April 2020 (Ver\u00f6ffentlichungsdatumContinue reading &rarr;<\/p>\n","protected":false},"author":1,"featured_media":0,"comment_status":"closed","ping_status":"closed","sticky":false,"template":"","format":"standard","meta":{"footnotes":""},"categories":[1,12],"tags":[],"class_list":["post-2744","post","type-post","status-publish","format-standard","hentry","category-aktuelles","category-poltringer-heimatgeschichte","no-thumb"],"_links":{"self":[{"href":"https:\/\/www.hwv-ammerbuch.de\/index.php?rest_route=\/wp\/v2\/posts\/2744","targetHints":{"allow":["GET"]}}],"collection":[{"href":"https:\/\/www.hwv-ammerbuch.de\/index.php?rest_route=\/wp\/v2\/posts"}],"about":[{"href":"https:\/\/www.hwv-ammerbuch.de\/index.php?rest_route=\/wp\/v2\/types\/post"}],"author":[{"embeddable":true,"href":"https:\/\/www.hwv-ammerbuch.de\/index.php?rest_route=\/wp\/v2\/users\/1"}],"replies":[{"embeddable":true,"href":"https:\/\/www.hwv-ammerbuch.de\/index.php?rest_route=%2Fwp%2Fv2%2Fcomments&post=2744"}],"version-history":[{"count":2,"href":"https:\/\/www.hwv-ammerbuch.de\/index.php?rest_route=\/wp\/v2\/posts\/2744\/revisions"}],"predecessor-version":[{"id":2970,"href":"https:\/\/www.hwv-ammerbuch.de\/index.php?rest_route=\/wp\/v2\/posts\/2744\/revisions\/2970"}],"wp:attachment":[{"href":"https:\/\/www.hwv-ammerbuch.de\/index.php?rest_route=%2Fwp%2Fv2%2Fmedia&parent=2744"}],"wp:term":[{"taxonomy":"category","embeddable":true,"href":"https:\/\/www.hwv-ammerbuch.de\/index.php?rest_route=%2Fwp%2Fv2%2Fcategories&post=2744"},{"taxonomy":"post_tag","embeddable":true,"href":"https:\/\/www.hwv-ammerbuch.de\/index.php?rest_route=%2Fwp%2Fv2%2Ftags&post=2744"}],"curies":[{"name":"wp","href":"https:\/\/api.w.org\/{rel}","templated":true}]}}