{"id":2717,"date":"2020-12-08T15:01:56","date_gmt":"2020-12-08T15:01:56","guid":{"rendered":"http:\/\/www.hwv-ammerbuch.de\/?p=2717"},"modified":"2023-02-04T20:19:19","modified_gmt":"2023-02-04T20:19:19","slug":"2717","status":"publish","type":"post","link":"https:\/\/www.hwv-ammerbuch.de\/?p=2717","title":{"rendered":""},"content":{"rendered":"\n<p class=\"has-medium-font-size\">Funde aus der Poltringer Ortsgeschichte \u2013 \u201eDie Grenzbeschreibung von 1767\u201c<\/p>\n\n\n\n<p>Eines der \u00e4ltesten Dokumente im Poltringer Ortsarchiv ist eine Beschreibung der Grenzen der Gemarkung, der Grenzsteine und deren Lage von 1767. Dass es nur wenige Dokumente gibt, die \u00e4lter als 1800 sind, liegt wahrscheinlich daran, dass es Ende des 18. Jahrhunderts zu einem Brand des Poltringer Rathauses kam, dem wohl leider fast alle Unterlagen und beim Wiederaufbau \u00fcbrigens auch der fr\u00fcher bestehende Turm des Rathauses zum Opfer fielen.<\/p>\n\n\n\n<figure class=\"wp-block-image\"><img loading=\"lazy\" decoding=\"async\" width=\"768\" height=\"1024\" src=\"http:\/\/www.hwv-ammerbuch.de\/wp-content\/uploads\/2021\/01\/HWV-AG-Grenzbeschreibung-klein-768x1024.jpg\" alt=\"\" class=\"wp-image-2718\" srcset=\"https:\/\/www.hwv-ammerbuch.de\/wp-content\/uploads\/2021\/01\/HWV-AG-Grenzbeschreibung-klein-768x1024.jpg 768w, https:\/\/www.hwv-ammerbuch.de\/wp-content\/uploads\/2021\/01\/HWV-AG-Grenzbeschreibung-klein-225x300.jpg 225w, https:\/\/www.hwv-ammerbuch.de\/wp-content\/uploads\/2021\/01\/HWV-AG-Grenzbeschreibung-klein.jpg 1040w\" sizes=\"auto, (max-width: 768px) 100vw, 768px\" \/><figcaption class=\"wp-element-caption\">Abschlussblatt der Grenzbeschreibung mit Best\u00e4tigung, Siegeln und Unterschriften von 1767, Ortsarchiv Poltringen, B 39, Bild: B. Dieter, Juni 2020<\/figcaption><\/figure>\n\n\n\n<p>Aus dem gebundenen Buch, das die handschriftliche und sehr sorgf\u00e4ltige Beschreibung der Gemarkungsgrenzen beinhaltet, finden Sie hier drei Seiten in Abschrift (Text\u00fcbertragung mit Unterst\u00fctzung von Joachim Renschler, Ellwangen, und Reinhold Bauer, Entringen), welche die Standorte der Grenzsteine 1 und 67 (von insgesamt etwa 100) bezeichnen und zudem die formelle Abschlussbest\u00e4tigung der Grenzbeschreibung enthalten:<\/p>\n\n\n\n<p class=\"has-text-align-center\"><em>1. Blatt<\/em><\/p>\n\n\n\n<p class=\"has-text-align-center\"><em>Poltringen<\/em><\/p>\n\n\n\n<p class=\"has-text-align-center\"><em>Des gemeinen Fleckens allda<\/em><\/p>\n\n\n\n<p class=\"has-text-align-center\"><em>gantzen Zehenden -Bezircks<\/em><\/p>\n\n\n\n<p class=\"has-text-align-center\"><em>Zw\u00e4ng und B\u00e4nn Beschreibung,<\/em><\/p>\n\n\n\n<p class=\"has-text-align-center\"><em>besagend<\/em><\/p>\n\n\n\n<p class=\"has-text-align-center\"><em>Den gantzen Um-Kray\u00df desselben<\/em><\/p>\n\n\n\n<p class=\"has-text-align-center\"><em>alle Zehend \u2013 Stein und L\u00e4ufer, wo<\/em><\/p>\n\n\n\n<p class=\"has-text-align-center\"><em>solche stehen, wie sie gezaichnet,<\/em><\/p>\n\n\n\n<p class=\"has-text-align-center\"><em>und wie weit je einer von dem<\/em><\/p>\n\n\n\n<p class=\"has-text-align-center\"><em>dem andern entfernet sey.<\/em><\/p>\n\n\n\n<p class=\"has-text-align-center\"><em>Nro: 1.<\/em><\/p>\n\n\n\n<p class=\"has-text-align-center\"><em>Angefangen wurde, in Zellg Malmen,<\/em><\/p>\n\n\n\n<p class=\"has-text-align-center\"><em>im Schopfenloch, bey demjenigen Stein,<\/em><\/p>\n\n\n\n<p class=\"has-text-align-center\"><em>so fornen an Friederich Sailers Acker am<\/em><\/p>\n\n\n\n<p class=\"has-text-align-center\"><em>Rhein, neben dem Weeg stehet, ist ein<\/em><\/p>\n\n\n\n<p class=\"has-text-align-center\"><em>alter gehauener Stein, mit einem dop-<\/em><\/p>\n\n\n\n<p class=\"has-text-align-center\"><em>pelten Winckelhacken, gegen Poltringen,<\/em><\/p>\n\n\n\n<p class=\"has-text-align-center\"><em>mit einem Eber \u2013 gegen Entringen, mit<\/em><\/p>\n\n\n\n<p class=\"has-text-align-center\"><em>einer Endten, und gegen Pf\u00e4ffingen, mit<\/em><\/p>\n\n\n\n<p class=\"has-text-align-center\"><em>einem Adler, al\u00df jeden Orths, Wappen<\/em><\/p>\n\n\n\n<p class=\"has-text-align-center\"><em>signirt, und mit Nro: 1. Gegen Poltringen<\/em><\/p>\n\n\n\n<p class=\"has-text-align-center\"><em>bezaichnet. Und dann von diesem Stein an\u2026\u2026.. (Fortsetzung n\u00e4chste Seite; Randbemerkungen von 1859 nicht \u00fcbertragen)<\/em><\/p>\n\n\n\n<p class=\"has-text-align-center\"><em>2. Blatt<\/em><\/p>\n\n\n\n<p class=\"has-text-align-center\"><em>De\u00df gemeinen Flecken allda.<\/em><\/p>\n\n\n\n<p class=\"has-text-align-center\"><em>Zw\u00e4ng und B\u00e4nn<\/em><\/p>\n\n\n\n<p class=\"has-text-align-center\"><em>Poltringen Pf\u00e4ffinger Wald so fort,<\/em><\/p>\n\n\n\n<p class=\"has-text-align-center\"><em>zwischen Fideli Kittels von Poltringen<\/em><\/p>\n\n\n\n<p class=\"has-text-align-center\"><em>Ludwig Wellh\u00e4u\u00dfers von Poltringen,<\/em><\/p>\n\n\n\n<p class=\"has-text-align-center\"><em>dem Wendelsheimer Commun Wald, und<\/em><\/p>\n\n\n\n<p class=\"has-text-align-center\"><em>Matth\u00e4us Wolffen von Poltringen Wald,<\/em><\/p>\n\n\n\n<p class=\"has-text-align-center\"><em>wo dieser viererley W\u00e4ldr von Poltringen.<\/em><\/p>\n\n\n\n<p class=\"has-text-align-center\"><em>Pf\u00e4ffingen, Wendelsheim, und Obern-<\/em><\/p>\n\n\n\n<p class=\"has-text-align-center\"><em>dorfer Marckung zusammensto\u00dfen,<\/em><\/p>\n\n\n\n<p class=\"has-text-align-center\"><em>auf einem ebnen Platz; Ein alter ge-<\/em><\/p>\n\n\n\n<p class=\"has-text-align-center\"><em>hauener Stein mit der Jahr-Zahl 1570.<\/em><\/p>\n\n\n\n<p class=\"has-text-align-center\"><em>Gegen Poltringen den Buchstaben B. gegen<\/em><\/p>\n\n\n\n<p class=\"has-text-align-center\"><em>Pf\u00e4ffingen dem Buchstaben P. gegen Wendels-<\/em><\/p>\n\n\n\n<p class=\"has-text-align-center\"><em>heim ein W. und gegen Oberndorf mit<\/em><\/p>\n\n\n\n<p class=\"has-text-align-center\"><em>dem Buchstaben O. bezaichnet; Oberndorf<\/em><\/p>\n\n\n\n<p class=\"has-text-align-center\"><em>aber mit einer durchgehenden Kreutz Rinne<\/em><\/p>\n\n\n\n<p class=\"has-text-align-center\"><em>und di\u00df ist derjenige Bannstein, wo sich<\/em><\/p>\n\n\n\n<p class=\"has-text-align-center\"><em>Pf\u00e4ffingen von Poltringen g\u00e4ntzlich<\/em><\/p>\n\n\n\n<p class=\"has-text-align-center\"><em>abschaidet: Von diesem Zehend \u2013 Stein gehet<\/em><\/p>\n\n\n\n<p class=\"has-text-align-center\"><em>es dann nach einem Wenckelhacken<\/em><\/p>\n\n\n\n<p class=\"has-text-align-center\"><em>zwischen Poltringen und Oberndorf.<\/em><\/p>\n\n\n\n<p class=\"has-text-align-center\"><em>(Randbemerkungen nicht \u00fcbertragen)<\/em><\/p>\n\n\n\n<p class=\"has-text-align-center\"><em>3. Blatt<\/em><\/p>\n\n\n\n<p class=\"has-text-align-center\"><em>Poltringen<\/em><\/p>\n\n\n\n<p class=\"has-text-align-center\"><em>De\u00df gemeinen Flecken allda<\/em><\/p>\n\n\n\n<p class=\"has-text-align-center\"><em>Zw\u00e4ng und B\u00e4nn<\/em><\/p>\n\n\n\n<p class=\"has-text-align-center\"><em>Gegenw\u00e4rtiger Zehend-Stein, und<\/em><\/p>\n\n\n\n<p class=\"has-text-align-center\"><em>Gr\u00e4ntz- schaidungs Beschreibung,<\/em><\/p>\n\n\n\n<p class=\"has-text-align-center\"><em>allerseits wohl zufrieden waren, auch<\/em><\/p>\n\n\n\n<p class=\"has-text-align-center\"><em>bey der von gemeinschaftlichem-<\/em><\/p>\n\n\n\n<p class=\"has-text-align-center\"><em>hochl\u00f6bln. hiesigen Orths Resp.<\/em><\/p>\n\n\n\n<p class=\"has-text-align-center\"><em>Oberamt geschehenen Publication,<\/em><\/p>\n\n\n\n<p class=\"has-text-align-center\"><em>nicht das geringste darwider ein-<\/em><\/p>\n\n\n\n<p class=\"has-text-align-center\"><em>zuwenden gehabt, we\u00dfwegen sie<\/em><\/p>\n\n\n\n<p class=\"has-text-align-center\"><em>auf ein S\u00f6lches mit ihren eigen-<\/em><\/p>\n\n\n\n<p class=\"has-text-align-center\"><em>h\u00e4ndigen Nahmens Unterschriften,<\/em><\/p>\n\n\n\n<p class=\"has-text-align-center\"><em>bekr\u00e4fftiget und geldtend gemacht,<\/em><\/p>\n\n\n\n<p class=\"has-text-align-center\"><em>Signatum Poltringen den 1. ten Junii 1767<\/em><\/p>\n\n\n\n<p>LINKE SPALTE T. Schultheis und Feldrichtere zu Reisten, Johann Michel Reichert, Martin Buchfink, Hans Jerg Haupt, Hans Martin B\u00fchler, Jakob Bihler<\/p>\n\n\n\n<p>RECHTE SPALTE T. Pf\u00e4ffingen den 16 Junius, Schultheis und Richter Jakob Hoeckh und Unterg\u00e4nger, Hans Joerg Frauendiener, Hans Jakob Sautter, Jerg H\u00f6ckh<\/p>\n\n\n\n<p>Texte bei Siegeln am linken Rand:<\/p>\n\n\n\n<p>Ex parte \u00f6ster. T. Johann Evang. Sallw\u00fcrkh Depu= \u2026 selbst und Poltringer Verwalter (b\u00fcrgerliche Wappen mit B\u00fcndel von drei S\u00e4beln \/ \u00c4hren o.\u00e4., neben nicht erkennbarer Helmzier Buchstaben F &amp; E)<\/p>\n\n\n\n<p>Ex parte W\u00fcrttemberg\/Expedit: Rath und Staabskeller W. J. Herrmann (b\u00fcrgerliche Wappen mit Stabtr\u00e4ger \/ Fackeltr\u00e4ger \/ Bogensch\u00fctze o.\u00e4., Helmzier Geisbock)<\/p>\n\n\n\n<p>Wer hierzu vertiefende Informationen beitragen kann oder andere Geschichten als \u201eFundst\u00fccke\u201c beitragen m\u00f6chte, kann sich gerne bei unserer AG melden (heimatgeschichte \u00e4t hwv-ammerbuch punkt de).<\/p>\n\n\n\n<p class=\"has-text-align-right\">F\u00fcr die AG \u201ePoltringer Ortsgeschichte\u201c, Boris Dieter<\/p>\n","protected":false},"excerpt":{"rendered":"<p>Funde aus der Poltringer Ortsgeschichte \u2013 \u201eDie Grenzbeschreibung von 1767\u201c Eines der \u00e4ltesten Dokumente im Poltringer Ortsarchiv ist eine Beschreibung der Grenzen der Gemarkung, der Grenzsteine und deren Lage von 1767. Dass es nur wenige Dokumente gibt, die \u00e4lter als 1800 sind, liegt wahrscheinlich daran, dass es Ende des 18. Jahrhunderts zu einem Brand desContinue reading &rarr;<\/p>\n","protected":false},"author":1,"featured_media":0,"comment_status":"closed","ping_status":"closed","sticky":false,"template":"","format":"standard","meta":{"footnotes":""},"categories":[12],"tags":[],"class_list":["post-2717","post","type-post","status-publish","format-standard","hentry","category-poltringer-heimatgeschichte","no-thumb"],"_links":{"self":[{"href":"https:\/\/www.hwv-ammerbuch.de\/index.php?rest_route=\/wp\/v2\/posts\/2717","targetHints":{"allow":["GET"]}}],"collection":[{"href":"https:\/\/www.hwv-ammerbuch.de\/index.php?rest_route=\/wp\/v2\/posts"}],"about":[{"href":"https:\/\/www.hwv-ammerbuch.de\/index.php?rest_route=\/wp\/v2\/types\/post"}],"author":[{"embeddable":true,"href":"https:\/\/www.hwv-ammerbuch.de\/index.php?rest_route=\/wp\/v2\/users\/1"}],"replies":[{"embeddable":true,"href":"https:\/\/www.hwv-ammerbuch.de\/index.php?rest_route=%2Fwp%2Fv2%2Fcomments&post=2717"}],"version-history":[{"count":2,"href":"https:\/\/www.hwv-ammerbuch.de\/index.php?rest_route=\/wp\/v2\/posts\/2717\/revisions"}],"predecessor-version":[{"id":2972,"href":"https:\/\/www.hwv-ammerbuch.de\/index.php?rest_route=\/wp\/v2\/posts\/2717\/revisions\/2972"}],"wp:attachment":[{"href":"https:\/\/www.hwv-ammerbuch.de\/index.php?rest_route=%2Fwp%2Fv2%2Fmedia&parent=2717"}],"wp:term":[{"taxonomy":"category","embeddable":true,"href":"https:\/\/www.hwv-ammerbuch.de\/index.php?rest_route=%2Fwp%2Fv2%2Fcategories&post=2717"},{"taxonomy":"post_tag","embeddable":true,"href":"https:\/\/www.hwv-ammerbuch.de\/index.php?rest_route=%2Fwp%2Fv2%2Ftags&post=2717"}],"curies":[{"name":"wp","href":"https:\/\/api.w.org\/{rel}","templated":true}]}}