{"id":2712,"date":"2020-11-29T14:58:27","date_gmt":"2020-11-29T14:58:27","guid":{"rendered":"http:\/\/www.hwv-ammerbuch.de\/?p=2712"},"modified":"2023-02-04T20:19:34","modified_gmt":"2023-02-04T20:19:34","slug":"2712","status":"publish","type":"post","link":"https:\/\/www.hwv-ammerbuch.de\/?p=2712","title":{"rendered":""},"content":{"rendered":"\n<p class=\"has-medium-font-size\">Funde aus der Poltringer Ortsgeschichte \u2013 \u201eGefallene 1941-45\u201c<\/p>\n\n\n<div class=\"wp-block-image\">\n<figure class=\"aligncenter is-resized\"><img loading=\"lazy\" decoding=\"async\" src=\"http:\/\/www.hwv-ammerbuch.de\/wp-content\/uploads\/2021\/01\/HWV-AG-Gefallene-1941-45-768x1024.jpg\" alt=\"\" class=\"wp-image-2713\" width=\"282\" height=\"376\" srcset=\"https:\/\/www.hwv-ammerbuch.de\/wp-content\/uploads\/2021\/01\/HWV-AG-Gefallene-1941-45-768x1024.jpg 768w, https:\/\/www.hwv-ammerbuch.de\/wp-content\/uploads\/2021\/01\/HWV-AG-Gefallene-1941-45-225x300.jpg 225w, https:\/\/www.hwv-ammerbuch.de\/wp-content\/uploads\/2021\/01\/HWV-AG-Gefallene-1941-45.jpg 1386w\" sizes=\"auto, (max-width: 282px) 100vw, 282px\" \/><\/figure><\/div>\n\n\n<p>Die ersten gefallenen Poltringer gab es erst zwei Jahre nach Kriegsbeginn 1941 (\u00dcberfall auf Sowjetunion). Insgesamt gab es 55 Gefallene, von denen aber nur 51 im Heimatbuch von 1971 und nur 54 auf der Gedenktafel in der Aussegnungshalle auf dem Friedhof genannt sind.<\/p>\n\n\n\n<p>Aus unbekannten Gr\u00fcnden sind im o.g. Heimatbuch von 1971 nicht genannt (aber auf den sp\u00e4ter angebrachten Tafeln in der Aussegnungshalle):<\/p>\n\n\n\n<p>Gramer, Josef        *09.02.1915 +1943 (genaues Datum und Ort bisher nicht ermittelbar)<\/p>\n\n\n\n<p>Keller, Ignaz           *10.05.1920 +wahrscheinlich am 21.\/22.12.1942 (bei Astrahoff\/Donbogen, Russland)<\/p>\n\n\n\n<p>Keller, Otto              *23.02.1919 +wahrscheinlich nach 03.03.1945 (bei Westwort bei Arnheim \/ Niederlande)<\/p>\n\n\n\n<p>Weder im vorgenannten Heimatbuch noch auf der Gedenktafel in der Aussegnungshalle ist genannt der Stabsarzt Dr. Gottlieb Baumetz (*1903, +1945, genaues Datum und Ort unbekannt). An der Friedhofsmauer n\u00f6rdlich der St. Stephanus-Kirche steht aber heute noch das Familiengrab, in dem er bestattet wurde und wo ihm gedacht wird.<\/p>\n\n\n\n<p>Ein Sonderfall ist die Familie Anton Sailer, der nach Unterlagen im Ortsarchiv anfangs auch auf der Gedenktafel gedacht werden sollte. Sie war bei der verheerenden Bombardierung Pforzheims am 23.02.1945 ums Leben gekommen. Der Angriff und darauffolgende Feuersturm forderte in dieser Nacht dort etwa 17.600 Tote (ca. 7.600 standesamtlich dokumentiert, der Rest dauerhaft vermisst, da man keine Leichen fand, diese teilweise erst bis in die 60er Jahre hinein immer wieder fand oder diese nicht oder nicht rasch genug identifizieren konnte) bzw. 20-30% der Einwohner und zerst\u00f6rte 85-98% der Bauten im Stadtgebiet. In Relation zur Einwohnerzahl forderte dieser Angriff die bisher h\u00f6chste Opferzahl in einer Stadt im Bombenkrieg in Deutschland.<\/p>\n\n\n\n<p>B\u00fcrodiener Anton Sailer stammte aus Poltringen und wurde dort 1889 geboren. Er war jedoch vor dem Krieg nach Pforzheim verzogen und war an der Westlichen Karl-Friedrich-Str. 58 mitten in der Innenstadt wohnhaft. Er starb im Keller seiner Wohnst\u00e4tte zusammen mit seiner Ehefrau Maria Magdalena (Lina), geb. Br\u00f6ckel (53) aus Bichishausen sowie den drei T\u00f6chter Annemarie (24), Elfriede Sofia (22) und Ruth Irmgard (16), wo sie vor der Bombardierung Schutz gesucht hatten. Da das relativ neue, massive Gesch\u00e4ftshaus (\u201eHansahaus\u201c) nur im oberen Teil zerst\u00f6rt wurde, waren sie wahrscheinlich im Keller durch den Sauerstoffentzug durch den massiven Feuersturm wie hunderte andere in Altstadtkellern erstickt. Am 09.03.1945 wurden sie bestattet. Da sie vor und w\u00e4hrend des Krieges nicht mehr in Poltringen wohnhaft waren, wurde wohl dann auf Erw\u00e4hnung auf der Gedenktafel verzichtet, weil ein Gedenken in Pforzheim stattfindet.<\/p>\n\n\n\n<p>Wer hierzu vertiefende Informationen beitragen kann oder andere Geschichten als \u201eFundst\u00fccke\u201c beitragen m\u00f6chte, kann sich gerne bei unserer AG melden (heimatgeschichte \u00e4t hwv-ammerbuch punkt de).<\/p>\n\n\n\n<p class=\"has-text-align-right\">F\u00fcr die AG \u201ePoltringer Ortsgeschichte\u201c, Boris Dieter<\/p>\n","protected":false},"excerpt":{"rendered":"<p>Funde aus der Poltringer Ortsgeschichte \u2013 \u201eGefallene 1941-45\u201c Die ersten gefallenen Poltringer gab es erst zwei Jahre nach Kriegsbeginn 1941 (\u00dcberfall auf Sowjetunion). Insgesamt gab es 55 Gefallene, von denen aber nur 51 im Heimatbuch von 1971 und nur 54 auf der Gedenktafel in der Aussegnungshalle auf dem Friedhof genannt sind. Aus unbekannten Gr\u00fcnden sindContinue reading &rarr;<\/p>\n","protected":false},"author":1,"featured_media":0,"comment_status":"closed","ping_status":"closed","sticky":false,"template":"","format":"standard","meta":{"footnotes":""},"categories":[12],"tags":[],"class_list":["post-2712","post","type-post","status-publish","format-standard","hentry","category-poltringer-heimatgeschichte","no-thumb"],"_links":{"self":[{"href":"https:\/\/www.hwv-ammerbuch.de\/index.php?rest_route=\/wp\/v2\/posts\/2712","targetHints":{"allow":["GET"]}}],"collection":[{"href":"https:\/\/www.hwv-ammerbuch.de\/index.php?rest_route=\/wp\/v2\/posts"}],"about":[{"href":"https:\/\/www.hwv-ammerbuch.de\/index.php?rest_route=\/wp\/v2\/types\/post"}],"author":[{"embeddable":true,"href":"https:\/\/www.hwv-ammerbuch.de\/index.php?rest_route=\/wp\/v2\/users\/1"}],"replies":[{"embeddable":true,"href":"https:\/\/www.hwv-ammerbuch.de\/index.php?rest_route=%2Fwp%2Fv2%2Fcomments&post=2712"}],"version-history":[{"count":2,"href":"https:\/\/www.hwv-ammerbuch.de\/index.php?rest_route=\/wp\/v2\/posts\/2712\/revisions"}],"predecessor-version":[{"id":2973,"href":"https:\/\/www.hwv-ammerbuch.de\/index.php?rest_route=\/wp\/v2\/posts\/2712\/revisions\/2973"}],"wp:attachment":[{"href":"https:\/\/www.hwv-ammerbuch.de\/index.php?rest_route=%2Fwp%2Fv2%2Fmedia&parent=2712"}],"wp:term":[{"taxonomy":"category","embeddable":true,"href":"https:\/\/www.hwv-ammerbuch.de\/index.php?rest_route=%2Fwp%2Fv2%2Fcategories&post=2712"},{"taxonomy":"post_tag","embeddable":true,"href":"https:\/\/www.hwv-ammerbuch.de\/index.php?rest_route=%2Fwp%2Fv2%2Ftags&post=2712"}],"curies":[{"name":"wp","href":"https:\/\/api.w.org\/{rel}","templated":true}]}}