{"id":2710,"date":"2020-11-24T14:56:31","date_gmt":"2020-11-24T14:56:31","guid":{"rendered":"http:\/\/www.hwv-ammerbuch.de\/?p=2710"},"modified":"2023-02-04T20:19:43","modified_gmt":"2023-02-04T20:19:43","slug":"2710","status":"publish","type":"post","link":"https:\/\/www.hwv-ammerbuch.de\/?p=2710","title":{"rendered":""},"content":{"rendered":"\n<p class=\"has-medium-font-size\">Funde aus der Poltringer Ortsgeschichte \u2013 \u201eSt. Georg in der Friedhofmauer\u201c<\/p>\n\n\n\n<p>Wer aufmerksam die Friedhofsmauer von Poltringen an der Nordostecke zum Ort hin betrachtet und dies zu Jahreszeit tut, zu welcher der dortige Efeu noch nicht wuchert, dem f\u00e4llt dort ein sehr sch\u00f6nes Relief auf. Dieses zeigt den mit dem Drachen k\u00e4mpfenden St. Georg, der u.a. auch Schutzheiliger der Soldaten ist.<\/p>\n\n\n\n<p>Das Relief stammt eigentlich von einem fr\u00fcheren Gefallenenehrenmal von 1914\/18, das nicht weit vom jetzigen Standort in der Nordostmauer des Chores der St. Stephanus-Kirche au\u00dfen eingelassen war. Dieses Ehrenmal wurde dann bei der Renovierung der Kirche von 1956-60 entfernt und das Relief in die Freidhofsmauer eingebaut. Beim Bau der neue Aussegnungshalle 1972 wurden die Gefallenennamen des 1. Weltkrieges dann dort wieder auf Tafeln aufgeh\u00e4ngt.<\/p>\n\n\n\n<p>Das Relief und das Ehrenmal wurden von Prof. Karl Kuolt (1879-1937), dem bekannten Spaichinger K\u00fcnstler, geschaffen. Er war besonders gefragt f\u00fcr seine sakrale Gebrauchskunst wie Grabmale, Denkm\u00e4ler und Kapellen. Ber\u00fchmt sind zudem heute noch seine unverwechselbaren Krippenfiguren, die im Spaichinger Gewerbemuseum zu sehen sind. Diese werden immer noch in S\u00fcdtirol nachgefertigt und in einer von ihm gestalteten Krippe im o.g. Museum hat er sich selbst als einer der Heiligen Drei K\u00f6nige verewigt.<\/p>\n\n\n\n<p>Leider lie\u00dfen sich bisher weder im Orts-, Pfarr-, Di\u00f6zesanarchiv oder im Nachlass des K\u00fcnstlers Bilder des urspr\u00fcnglichen Ehrenmals finden.<\/p>\n\n\n\n<p>Wer hierzu vertiefende Informationen beitragen kann oder andere Geschichten als \u201eFundst\u00fccke\u201c beitragen m\u00f6chte, kann sich gerne bei unserer AG melden (heimatgeschichte \u00e4t hwv-ammerbuch punkt de).<\/p>\n\n\n\n<p class=\"has-text-align-right\">F\u00fcr die AG \u201ePoltringer Ortsgeschichte\u201c, Boris Dieter<\/p>\n\n\n\n<p>Bildunterschrift: St. Georg-Relief, Nordostecke Friedhofsmauer Poltringen, Ma\u00dfe 150 cm breit und 70 cm hoch, Sandstein, Bild: B. Dieter, Mai 2020<\/p>\n","protected":false},"excerpt":{"rendered":"<p>Funde aus der Poltringer Ortsgeschichte \u2013 \u201eSt. Georg in der Friedhofmauer\u201c Wer aufmerksam die Friedhofsmauer von Poltringen an der Nordostecke zum Ort hin betrachtet und dies zu Jahreszeit tut, zu welcher der dortige Efeu noch nicht wuchert, dem f\u00e4llt dort ein sehr sch\u00f6nes Relief auf. Dieses zeigt den mit dem Drachen k\u00e4mpfenden St. Georg, derContinue reading &rarr;<\/p>\n","protected":false},"author":1,"featured_media":0,"comment_status":"closed","ping_status":"closed","sticky":false,"template":"","format":"standard","meta":{"footnotes":""},"categories":[12],"tags":[],"class_list":["post-2710","post","type-post","status-publish","format-standard","hentry","category-poltringer-heimatgeschichte","no-thumb"],"_links":{"self":[{"href":"https:\/\/www.hwv-ammerbuch.de\/index.php?rest_route=\/wp\/v2\/posts\/2710","targetHints":{"allow":["GET"]}}],"collection":[{"href":"https:\/\/www.hwv-ammerbuch.de\/index.php?rest_route=\/wp\/v2\/posts"}],"about":[{"href":"https:\/\/www.hwv-ammerbuch.de\/index.php?rest_route=\/wp\/v2\/types\/post"}],"author":[{"embeddable":true,"href":"https:\/\/www.hwv-ammerbuch.de\/index.php?rest_route=\/wp\/v2\/users\/1"}],"replies":[{"embeddable":true,"href":"https:\/\/www.hwv-ammerbuch.de\/index.php?rest_route=%2Fwp%2Fv2%2Fcomments&post=2710"}],"version-history":[{"count":2,"href":"https:\/\/www.hwv-ammerbuch.de\/index.php?rest_route=\/wp\/v2\/posts\/2710\/revisions"}],"predecessor-version":[{"id":2974,"href":"https:\/\/www.hwv-ammerbuch.de\/index.php?rest_route=\/wp\/v2\/posts\/2710\/revisions\/2974"}],"wp:attachment":[{"href":"https:\/\/www.hwv-ammerbuch.de\/index.php?rest_route=%2Fwp%2Fv2%2Fmedia&parent=2710"}],"wp:term":[{"taxonomy":"category","embeddable":true,"href":"https:\/\/www.hwv-ammerbuch.de\/index.php?rest_route=%2Fwp%2Fv2%2Fcategories&post=2710"},{"taxonomy":"post_tag","embeddable":true,"href":"https:\/\/www.hwv-ammerbuch.de\/index.php?rest_route=%2Fwp%2Fv2%2Ftags&post=2710"}],"curies":[{"name":"wp","href":"https:\/\/api.w.org\/{rel}","templated":true}]}}