{"id":2705,"date":"2020-11-10T14:52:21","date_gmt":"2020-11-10T14:52:21","guid":{"rendered":"http:\/\/www.hwv-ammerbuch.de\/?p=2705"},"modified":"2023-02-04T20:20:06","modified_gmt":"2023-02-04T20:20:06","slug":"2705","status":"publish","type":"post","link":"https:\/\/www.hwv-ammerbuch.de\/?p=2705","title":{"rendered":""},"content":{"rendered":"\n<p class=\"has-medium-font-size\">Funde aus der Poltringer Ortsgeschichte \u2013 \u201eGefallenenpostkarte\u201c<\/p>\n\n\n\n<figure class=\"wp-block-image\"><img loading=\"lazy\" decoding=\"async\" width=\"1024\" height=\"768\" src=\"http:\/\/www.hwv-ammerbuch.de\/wp-content\/uploads\/2021\/01\/HWV-AG-Gefallenenpostkarte-1024x768.jpg\" alt=\"\" class=\"wp-image-2706\" srcset=\"https:\/\/www.hwv-ammerbuch.de\/wp-content\/uploads\/2021\/01\/HWV-AG-Gefallenenpostkarte-1024x768.jpg 1024w, https:\/\/www.hwv-ammerbuch.de\/wp-content\/uploads\/2021\/01\/HWV-AG-Gefallenenpostkarte-300x225.jpg 300w, https:\/\/www.hwv-ammerbuch.de\/wp-content\/uploads\/2021\/01\/HWV-AG-Gefallenenpostkarte-768x576.jpg 768w, https:\/\/www.hwv-ammerbuch.de\/wp-content\/uploads\/2021\/01\/HWV-AG-Gefallenenpostkarte-400x300.jpg 400w, https:\/\/www.hwv-ammerbuch.de\/wp-content\/uploads\/2021\/01\/HWV-AG-Gefallenenpostkarte.jpg 1386w\" sizes=\"auto, (max-width: 1024px) 100vw, 1024px\" \/><figcaption class=\"wp-element-caption\"> Postkarte, undatiert, Stadtarchiv Herrenberg, Bild: B. Dieter, September 2020 <\/figcaption><\/figure>\n\n\n\n<p>In der Oberamts-Postkartensammlung des Stadtarchives Herrenberg gibt es vielen Ansichtskarten mit Poltringer Motiven. Eine davon zeigt ein Bild des Frontgrabes eines der gem\u00e4\u00df der offiziellen Verlustlisten f\u00fcr Poltringen vermerkten 25 Gefallenen aus dem Zeitraum von 1914-18. Die bebilderte Gefallenentafel im Rathaus, die Liste im Heimatbuch und die Inschriften in der Aussegnungshalle des Friedhofes nennen allerdings aus unbekannten Gr\u00fcnden nur 21 Gefallene (eventuell sind diese noch vor dem Krieg nach ausw\u00e4rts verzogen). Es fehlen dort:<\/p>\n\n\n\n<p>Gefreiter G\u00e4ntzle, Johannes (*18.09.1891 in Poltringen, +26.07.1915 in Schelkow \/ Russland), I.R. 125 4. Komp., deutsche Verlustlisten 08966 vom 23.09.1915 \u201einfolge Verwundung verstorben\u201c (ist aber auf Denkmal in Entringen zu finden)<\/p>\n\n\n\n<p>Sch\u00fctze Sailer, Eugen (*15.08.1898 in Poltringen, *02.04.1918 in Moreuil \/ Frankreich), I.R. 478 2.M.G.K., deutsche Verlustlisten 26232 vom 12.09.1918, \u201egefallen\u201c<\/p>\n\n\n\n<p>Gefreiter Sailer, Josef (*12.09.1884 in Poltringen, +12.08.1916 in Stuttgart), 2. Landsturm Infantrie Bataillon Stuttgart XIII\/3 3. Komp., deutsche Verlustlisten 14714 vom 09.09.1916 \u201einfolge Krankheit etc. verstorben\u201c<\/p>\n\n\n\n<p>Grenadier Schlegel, Friedrich (*12.12.1891 in Poltringen, +09.11.1914 in Mesen \/ Belgien), G.R. 119 1. Komp., deutsche Verlustlisten 03858 vom 28.12.1914 \u201egefallen\u201c<\/p>\n\n\n\n<p>Auf der Postkarte handelt es sich um das Grab des in der Poltringer Gefallenendokumentation aufgef\u00fchrten Soldaten \/ Wehrmannes (I.R. \u2013 W\u00fcrttembergisches Infanterieregiment Nr. 413, 3. Kompanie) Ferdinand Edel, der am 11.10.1879 in Poltringen geboren wurde und vor dem 08.04.1918 mit 39 Jahren zu Tode kam. Er ist in der deutsche Verlustlisten 25453 vom 03.08.1918 aufgef\u00fchrt. Wahrscheinlich starb er im Zuge der letzten Fr\u00fchjahrsoffensiven der deutschen Armee von M\u00e4rz bis Juli 1918 in Nordfrankreich.<\/p>\n\n\n\n<p>F\u00fcr sein Regiment sind vom 07.04.- 08.06.1918 im Zuge der ersten Fr\u00fchjahrsoffensive 1918 namens \u201eUnternehmen Michael\u201c K\u00e4mpfe an der Avre und bei Montdidier und Noyon vermerkt. Allein diese Operation kostete insgesamt ca. 240.000 Tote, Vermisste und Verwundete auf der deutschen Seite und etwa 255.000 auf Seiten der Entente.<\/p>\n\n\n\n<p>Wahrscheinlich wurde die Postkarte erstellt, da er nicht nur auf dem improvisierten Sammelgrabkreuz mit sieben weiteren deutschen Kriegsopfern genannt ist, sondern zus\u00e4tzlich ein eigenes, liebevoll gestaltetes Grabkreuz wohl von seinen Kameraden erhielt. Am Kreuzfu\u00df ist wahrscheinlich der\/die Ersteller genannt, leider ist diese Inschrift nicht entzifferbar. Wann und wo das Foto genau gemacht wurde, ist leider nicht vermerkt. Es d\u00fcrfte aber kurz nach der sicher frontnahen Beerdigung Anfang April 1918 aufgenommen worden sein, da die Gr\u00e4ber sehr frisch und improvisiert wirken sowie frischer Blumenschmuck zu erkennen ist. Ferdinand Edel ruht heute auf der Kriegsgr\u00e4berst\u00e4tte in Montdidier (Frankreich) in der Endgrablage Block 3, Grab 86.<\/p>\n\n\n\n<p>Wer hierzu vertiefende Informationen beitragen kann oder andere Geschichten als \u201eFundst\u00fccke\u201c beitragen m\u00f6chte, kann sich gerne bei unserer AG melden (heimatgeschichte \u00e4t hwv-ammerbuch punkt de).<\/p>\n\n\n\n<p class=\"has-text-align-right\">F\u00fcr die AG \u201ePoltringer Ortsgeschichte\u201c, Boris Dieter<\/p>\n","protected":false},"excerpt":{"rendered":"<p>Funde aus der Poltringer Ortsgeschichte \u2013 \u201eGefallenenpostkarte\u201c In der Oberamts-Postkartensammlung des Stadtarchives Herrenberg gibt es vielen Ansichtskarten mit Poltringer Motiven. Eine davon zeigt ein Bild des Frontgrabes eines der gem\u00e4\u00df der offiziellen Verlustlisten f\u00fcr Poltringen vermerkten 25 Gefallenen aus dem Zeitraum von 1914-18. Die bebilderte Gefallenentafel im Rathaus, die Liste im Heimatbuch und die InschriftenContinue reading &rarr;<\/p>\n","protected":false},"author":1,"featured_media":0,"comment_status":"closed","ping_status":"closed","sticky":false,"template":"","format":"standard","meta":{"footnotes":""},"categories":[12],"tags":[],"class_list":["post-2705","post","type-post","status-publish","format-standard","hentry","category-poltringer-heimatgeschichte","no-thumb"],"_links":{"self":[{"href":"https:\/\/www.hwv-ammerbuch.de\/index.php?rest_route=\/wp\/v2\/posts\/2705","targetHints":{"allow":["GET"]}}],"collection":[{"href":"https:\/\/www.hwv-ammerbuch.de\/index.php?rest_route=\/wp\/v2\/posts"}],"about":[{"href":"https:\/\/www.hwv-ammerbuch.de\/index.php?rest_route=\/wp\/v2\/types\/post"}],"author":[{"embeddable":true,"href":"https:\/\/www.hwv-ammerbuch.de\/index.php?rest_route=\/wp\/v2\/users\/1"}],"replies":[{"embeddable":true,"href":"https:\/\/www.hwv-ammerbuch.de\/index.php?rest_route=%2Fwp%2Fv2%2Fcomments&post=2705"}],"version-history":[{"count":2,"href":"https:\/\/www.hwv-ammerbuch.de\/index.php?rest_route=\/wp\/v2\/posts\/2705\/revisions"}],"predecessor-version":[{"id":2976,"href":"https:\/\/www.hwv-ammerbuch.de\/index.php?rest_route=\/wp\/v2\/posts\/2705\/revisions\/2976"}],"wp:attachment":[{"href":"https:\/\/www.hwv-ammerbuch.de\/index.php?rest_route=%2Fwp%2Fv2%2Fmedia&parent=2705"}],"wp:term":[{"taxonomy":"category","embeddable":true,"href":"https:\/\/www.hwv-ammerbuch.de\/index.php?rest_route=%2Fwp%2Fv2%2Fcategories&post=2705"},{"taxonomy":"post_tag","embeddable":true,"href":"https:\/\/www.hwv-ammerbuch.de\/index.php?rest_route=%2Fwp%2Fv2%2Ftags&post=2705"}],"curies":[{"name":"wp","href":"https:\/\/api.w.org\/{rel}","templated":true}]}}