{"id":2698,"date":"2020-10-27T20:25:45","date_gmt":"2020-10-27T20:25:45","guid":{"rendered":"http:\/\/www.hwv-ammerbuch.de\/?p=2698"},"modified":"2023-02-04T20:20:25","modified_gmt":"2023-02-04T20:20:25","slug":"2698","status":"publish","type":"post","link":"https:\/\/www.hwv-ammerbuch.de\/?p=2698","title":{"rendered":""},"content":{"rendered":"\n<p class=\"has-medium-font-size\">Funde aus der Poltringer Ortsgeschichte \u2013 \u201eAmmerbegradigung\u201c<\/p>\n\n\n\n<p>Die Ammer zwischen Poltringen und Pf\u00e4ffingen wies fr\u00fcher auf der ganzen Strecke bis Pf\u00e4ffingen viele weitl\u00e4ufige Biegungen auf. Daran erinnert heute noch der Gewannname \u201eBieg\u201c auf der Poltringer Ammerseite und \u201eBiegen\u201c auf dem Pf\u00e4ffinger Ammerufer, wo die Ammer auch die Grenze der zwei Ortsgemarkungen ist. Da durch die Flussschleifen die Grundst\u00fccke rechts und links der Ammer schwer zu bewirtschaften waren, das Gel\u00e4nde feucht war und es durch die Biegungen zu einem erschwerten Abfluss des Wassers bei Hochwasser kam, was im Ort zu \u00dcberschwemmungen f\u00fchrte, wurde die Ammer in und nach Poltringen begradigt, der Flusslauf tiefergelegt und die Ufer erh\u00f6ht.<\/p>\n\n\n<div class=\"wp-block-image\">\n<figure class=\"aligncenter is-resized\"><img loading=\"lazy\" decoding=\"async\" src=\"http:\/\/www.hwv-ammerbuch.de\/wp-content\/uploads\/2020\/10\/HWV-AG-Ammerbegradigung-768x1024.jpg\" alt=\"\" class=\"wp-image-2699\" width=\"307\" height=\"410\" srcset=\"https:\/\/www.hwv-ammerbuch.de\/wp-content\/uploads\/2020\/10\/HWV-AG-Ammerbegradigung-768x1024.jpg 768w, https:\/\/www.hwv-ammerbuch.de\/wp-content\/uploads\/2020\/10\/HWV-AG-Ammerbegradigung-225x300.jpg 225w, https:\/\/www.hwv-ammerbuch.de\/wp-content\/uploads\/2020\/10\/HWV-AG-Ammerbegradigung.jpg 1386w\" sizes=\"auto, (max-width: 307px) 100vw, 307px\" \/><figcaption class=\"wp-element-caption\"> Karte mit bisherigem (schwarz) und neuen Verlauf (blau) der Ammer sowie Flurbereinigungs-, Drainagierungs- und Feldwegsplanung, 1880\/81, Ortsarchiv Poltringen (B 69) <\/figcaption><\/figure><\/div>\n\n\n<p>Der Ammerabschnitt n\u00e4her bei Poltringen wurde wohl schon um 1800 begradigt. Auf jeden Fall zeigt die erste topografische Karte von Poltringen von 1819 hier schon eine begradigte Ammer. In einem Flurbereinigungs-, Drainagierungs- und Feldwegsplan von 1880\/81 ist aber noch der urspr\u00fcngliche Verlauf im Hintergrund mit sechs Biegungen eingezeichnet.<\/p>\n\n\n\n<p>Der Ammerabschnitt n\u00e4her bei Pf\u00e4ffingen wurde dann ab 1931 begradigt. Nun konnten auf der ganzen Abschnittsl\u00e4nge die Ufergrundst\u00fccke sinnvoll und gro\u00dffl\u00e4chiger genutzt werden und durch den besseren Wasserabfluss Aufstauungen vermieden werden. Sp\u00e4ter wurde die Ammer 1955 in Poltringen im Ort und bis zur Gemarkungsgrenze zu Pf\u00e4ffingen zus\u00e4tzlich tiefergelegt.<\/p>\n\n\n\n<p>Wer hierzu vertiefende Informationen beitragen kann oder andere Geschichten als \u201eFundst\u00fccke\u201c beitragen m\u00f6chte, kann sich gerne bei unserer AG melden (heimatgeschichte \u00e4t hwv-ammerbuch punkt de).<\/p>\n\n\n\n<p class=\"has-text-align-right\">F\u00fcr die AG \u201ePoltringer Heimatgeschichte\u201c, Boris Dieter<\/p>\n","protected":false},"excerpt":{"rendered":"<p>Funde aus der Poltringer Ortsgeschichte \u2013 \u201eAmmerbegradigung\u201c Die Ammer zwischen Poltringen und Pf\u00e4ffingen wies fr\u00fcher auf der ganzen Strecke bis Pf\u00e4ffingen viele weitl\u00e4ufige Biegungen auf. Daran erinnert heute noch der Gewannname \u201eBieg\u201c auf der Poltringer Ammerseite und \u201eBiegen\u201c auf dem Pf\u00e4ffinger Ammerufer, wo die Ammer auch die Grenze der zwei Ortsgemarkungen ist. Da durch dieContinue reading &rarr;<\/p>\n","protected":false},"author":1,"featured_media":0,"comment_status":"closed","ping_status":"closed","sticky":false,"template":"","format":"standard","meta":{"footnotes":""},"categories":[12],"tags":[],"class_list":["post-2698","post","type-post","status-publish","format-standard","hentry","category-poltringer-heimatgeschichte","no-thumb"],"_links":{"self":[{"href":"https:\/\/www.hwv-ammerbuch.de\/index.php?rest_route=\/wp\/v2\/posts\/2698","targetHints":{"allow":["GET"]}}],"collection":[{"href":"https:\/\/www.hwv-ammerbuch.de\/index.php?rest_route=\/wp\/v2\/posts"}],"about":[{"href":"https:\/\/www.hwv-ammerbuch.de\/index.php?rest_route=\/wp\/v2\/types\/post"}],"author":[{"embeddable":true,"href":"https:\/\/www.hwv-ammerbuch.de\/index.php?rest_route=\/wp\/v2\/users\/1"}],"replies":[{"embeddable":true,"href":"https:\/\/www.hwv-ammerbuch.de\/index.php?rest_route=%2Fwp%2Fv2%2Fcomments&post=2698"}],"version-history":[{"count":2,"href":"https:\/\/www.hwv-ammerbuch.de\/index.php?rest_route=\/wp\/v2\/posts\/2698\/revisions"}],"predecessor-version":[{"id":2978,"href":"https:\/\/www.hwv-ammerbuch.de\/index.php?rest_route=\/wp\/v2\/posts\/2698\/revisions\/2978"}],"wp:attachment":[{"href":"https:\/\/www.hwv-ammerbuch.de\/index.php?rest_route=%2Fwp%2Fv2%2Fmedia&parent=2698"}],"wp:term":[{"taxonomy":"category","embeddable":true,"href":"https:\/\/www.hwv-ammerbuch.de\/index.php?rest_route=%2Fwp%2Fv2%2Fcategories&post=2698"},{"taxonomy":"post_tag","embeddable":true,"href":"https:\/\/www.hwv-ammerbuch.de\/index.php?rest_route=%2Fwp%2Fv2%2Ftags&post=2698"}],"curies":[{"name":"wp","href":"https:\/\/api.w.org\/{rel}","templated":true}]}}