{"id":2665,"date":"2020-07-27T14:39:10","date_gmt":"2020-07-27T14:39:10","guid":{"rendered":"http:\/\/www.hwv-ammerbuch.de\/?p=2665"},"modified":"2023-02-04T20:22:57","modified_gmt":"2023-02-04T20:22:57","slug":"2665","status":"publish","type":"post","link":"https:\/\/www.hwv-ammerbuch.de\/?p=2665","title":{"rendered":""},"content":{"rendered":"\n<p class=\"has-medium-font-size\">Funde aus der Poltringer Ortsgeschichte \u2013 \u201eDie Poltringer Heimatb\u00fccher\u201c<\/p>\n\n\n\n<figure class=\"wp-block-image\"><img loading=\"lazy\" decoding=\"async\" width=\"1024\" height=\"768\" src=\"http:\/\/www.hwv-ammerbuch.de\/wp-content\/uploads\/2020\/09\/HWV-AG-Poltringer-Heimatb\u00fccher-1024x768.jpg\" alt=\"\" class=\"wp-image-2666\" srcset=\"https:\/\/www.hwv-ammerbuch.de\/wp-content\/uploads\/2020\/09\/HWV-AG-Poltringer-Heimatb\u00fccher-1024x768.jpg 1024w, https:\/\/www.hwv-ammerbuch.de\/wp-content\/uploads\/2020\/09\/HWV-AG-Poltringer-Heimatb\u00fccher-300x225.jpg 300w, https:\/\/www.hwv-ammerbuch.de\/wp-content\/uploads\/2020\/09\/HWV-AG-Poltringer-Heimatb\u00fccher-768x576.jpg 768w, https:\/\/www.hwv-ammerbuch.de\/wp-content\/uploads\/2020\/09\/HWV-AG-Poltringer-Heimatb\u00fccher-400x300.jpg 400w, https:\/\/www.hwv-ammerbuch.de\/wp-content\/uploads\/2020\/09\/HWV-AG-Poltringer-Heimatb\u00fccher.jpg 1386w\" sizes=\"auto, (max-width: 1024px) 100vw, 1024px\" \/><figcaption class=\"wp-element-caption\"> Die drei Heimatb\u00fccher von 1971, 1991 und 2020, Bild: B. Dieter, April 2020 <\/figcaption><\/figure>\n\n\n\n<p>Zu Poltringen gibt es bisher drei Heimatb\u00fccher. Diese sind alle im letzten halben Jahrhundert entstanden. Aus den Jahrhunderten davor gab es so etwas mangels Schriftkundigkeit, Kosten und da Geschichte eher m\u00fcndlich weitergegeben wurde nicht. Eine gewisse Ausnahme stellt die j\u00e4hrliche Pfarrchronik dar, allerdings mit meist kurzer, unstrukturierter Dokumentation oft nur kirchlicher Ereignisse.<\/p>\n\n\n\n<p>Das \u00e4lteste Heimatbuch entstand 1971 zur 780 Jahr Feier der urkundlichen Ersterw\u00e4hnung von Poltringen unter dem Titel \u201eHeimatbuch der Gemeinde Poltringen \u2013 1191-1971\u201c. Es wurde von Florian Bizenberger, dem ehemaligen hiesigen Oberlehrer, verfasst und umfasst 160 Seiten und fast 50 Bilder in den Ma\u00dfen 15 mal 21 cm. Es ist die erste strukturierte Schilderung der Gemeindegeschichte, eine exzellente Wissensbasis und beeindruckende Dokumentation. Es hatte in der Druckerei Ludwig Gsell eine Auflage von 2000 St\u00fcck zum Preis von damals 12 DM (ca. 6 EUR) und ist immer noch in einem kleinen Restbestand bei Herr Ortsvorsteher Reinhold Hess f\u00fcr 5 EUR erh\u00e4ltlich.<\/p>\n\n\n\n<p>Das n\u00e4chste Heimatbuch entstand zwanzig Jahre sp\u00e4ter 1991 zur 800 Jahr Feier der urkundlichen Ersterw\u00e4hnung von Poltringen unter dem Titel \u201e800 Jahre Poltringen \u2013 1191-1991\u201c. Es wurde von Meinrad Schmid als damaligem Ortsvorsteher herausgegeben und umfasst 112 Seiten und fast 90 Bilder in den Ma\u00dfen 15 mal 21 cm. Es hat seinen Schwerpunkt auf der Entwicklung seit 1971, den \u00f6rtlichen Einrichtungen und Vereinen. Es hatte in der Druckerei Claus Becht, Ammerdruck, eine Auflage von 500 St\u00fcck, ist seit 2006 vergriffen und daher leider nur noch antiquarisch erh\u00e4ltlich. Der damalige Preis lag bei 10 DM (ca. 5 EUR).<\/p>\n\n\n\n<p>Das j\u00fcngste Heimatbuch entstand weitere drei\u00dfig Jahre sp\u00e4ter 2020 zum 50j\u00e4hrigen Gr\u00fcndungsjubil\u00e4um des Heimat- und Wandervereins Ammerbuch e.V. (HWV) unter dem Titel \u201eEin Dorf in 50 Geschichten &#8211; Funde aus der Poltringer Ortshistorie\u201c. Es wurde von Boris Dieter, dem Co-Leiter der HWV Arbeitsgemeinschaft \u201ePoltringer Ortsgeschichte\u201c, verfasst und umfasst gro\u00dfformatig 90 Seiten und \u00fcber 70 Bilder und Karten in den Ma\u00dfen 21,5 mal 28,5 cm. Dieses Heimatbuch ist eine chronologisch geordnete Zusammenstellung von um die 50 Geschichten und Sagen aus der Poltringer Heimatgeschichte. Es hatte im NeckarAlb-Verlag eine Auflage von 500 St\u00fcck und ist beim Ortsvorsteher, dem HWV, dem Autor oder bei Papier Kittel f\u00fcr 20 EUR erh\u00e4ltlich.<\/p>\n\n\n\n<p>Wer hierzu vertiefende Informationen beitragen kann oder andere Geschichten als \u201eFundst\u00fccke\u201c beitragen m\u00f6chte, kann sich gerne bei unserer AG melden (heimatgeschichte \u00e4t hwv-ammerbuch punkt de).<\/p>\n\n\n\n<p class=\"has-text-align-right\">F\u00fcr die AG \u201ePoltringer Ortsgeschichte\u201c, Boris Dieter<\/p>\n","protected":false},"excerpt":{"rendered":"<p>Funde aus der Poltringer Ortsgeschichte \u2013 \u201eDie Poltringer Heimatb\u00fccher\u201c Zu Poltringen gibt es bisher drei Heimatb\u00fccher. Diese sind alle im letzten halben Jahrhundert entstanden. Aus den Jahrhunderten davor gab es so etwas mangels Schriftkundigkeit, Kosten und da Geschichte eher m\u00fcndlich weitergegeben wurde nicht. Eine gewisse Ausnahme stellt die j\u00e4hrliche Pfarrchronik dar, allerdings mit meist kurzer,Continue reading &rarr;<\/p>\n","protected":false},"author":1,"featured_media":0,"comment_status":"closed","ping_status":"closed","sticky":false,"template":"","format":"standard","meta":{"footnotes":""},"categories":[12],"tags":[],"class_list":["post-2665","post","type-post","status-publish","format-standard","hentry","category-poltringer-heimatgeschichte","no-thumb"],"_links":{"self":[{"href":"https:\/\/www.hwv-ammerbuch.de\/index.php?rest_route=\/wp\/v2\/posts\/2665","targetHints":{"allow":["GET"]}}],"collection":[{"href":"https:\/\/www.hwv-ammerbuch.de\/index.php?rest_route=\/wp\/v2\/posts"}],"about":[{"href":"https:\/\/www.hwv-ammerbuch.de\/index.php?rest_route=\/wp\/v2\/types\/post"}],"author":[{"embeddable":true,"href":"https:\/\/www.hwv-ammerbuch.de\/index.php?rest_route=\/wp\/v2\/users\/1"}],"replies":[{"embeddable":true,"href":"https:\/\/www.hwv-ammerbuch.de\/index.php?rest_route=%2Fwp%2Fv2%2Fcomments&post=2665"}],"version-history":[{"count":2,"href":"https:\/\/www.hwv-ammerbuch.de\/index.php?rest_route=\/wp\/v2\/posts\/2665\/revisions"}],"predecessor-version":[{"id":2984,"href":"https:\/\/www.hwv-ammerbuch.de\/index.php?rest_route=\/wp\/v2\/posts\/2665\/revisions\/2984"}],"wp:attachment":[{"href":"https:\/\/www.hwv-ammerbuch.de\/index.php?rest_route=%2Fwp%2Fv2%2Fmedia&parent=2665"}],"wp:term":[{"taxonomy":"category","embeddable":true,"href":"https:\/\/www.hwv-ammerbuch.de\/index.php?rest_route=%2Fwp%2Fv2%2Fcategories&post=2665"},{"taxonomy":"post_tag","embeddable":true,"href":"https:\/\/www.hwv-ammerbuch.de\/index.php?rest_route=%2Fwp%2Fv2%2Ftags&post=2665"}],"curies":[{"name":"wp","href":"https:\/\/api.w.org\/{rel}","templated":true}]}}