{"id":2648,"date":"2020-07-01T21:35:33","date_gmt":"2020-07-01T21:35:33","guid":{"rendered":"http:\/\/www.hwv-ammerbuch.de\/?p=2648"},"modified":"2020-07-08T21:36:30","modified_gmt":"2020-07-08T21:36:30","slug":"2648","status":"publish","type":"post","link":"https:\/\/www.hwv-ammerbuch.de\/?p=2648","title":{"rendered":""},"content":{"rendered":"\n<p class=\"has-medium-font-size\">Tageswanderung am Sonntag, 12. Juli ins Arboretum\/Exotenwald nach Grafenberg (Metzingen)<\/p>\n\n\n\n<p>Der sich auf kleinster Fl\u00e4che befindliche botanische Garten mit einer Sammlung von ca. 140 verschiedenen Baumarten aus aller Welt ist im Fr\u00fchling besonders sehenswert. Es ist ein Kleinod, das Sie auf verschlungenen Wegen in einen exotischen M\u00e4rchenwald entr\u00fcckt.<\/p>\n\n\n\n<p>Wir bitten um Anmeldung bei unserem Wanderf\u00fchrer Gerold Sailer unter Tel. 07073 2127 bis sp\u00e4testens 10.7.2020.<\/p>\n\n\n\n<p>Abfahrt: Privat-Pkw um 10.00 Uhr am Rathaus, bitte Rucksackvesper mitbringen.<\/p>\n\n\n\n<p style=\"text-align:right\">WF: Gerold Sailer<\/p>\n","protected":false},"excerpt":{"rendered":"<p>Tageswanderung am Sonntag, 12. Juli ins Arboretum\/Exotenwald nach Grafenberg (Metzingen) Der sich auf kleinster Fl\u00e4che befindliche botanische Garten mit einer Sammlung von ca. 140 verschiedenen Baumarten aus aller Welt ist im Fr\u00fchling besonders sehenswert. Es ist ein Kleinod, das Sie auf verschlungenen Wegen in einen exotischen M\u00e4rchenwald entr\u00fcckt. Wir bitten um Anmeldung bei unserem Wanderf\u00fchrerContinue reading &rarr;<\/p>\n","protected":false},"author":1,"featured_media":0,"comment_status":"closed","ping_status":"closed","sticky":false,"template":"","format":"standard","meta":{"footnotes":""},"categories":[1],"tags":[],"class_list":["post-2648","post","type-post","status-publish","format-standard","hentry","category-aktuelles","no-thumb"],"_links":{"self":[{"href":"https:\/\/www.hwv-ammerbuch.de\/index.php?rest_route=\/wp\/v2\/posts\/2648","targetHints":{"allow":["GET"]}}],"collection":[{"href":"https:\/\/www.hwv-ammerbuch.de\/index.php?rest_route=\/wp\/v2\/posts"}],"about":[{"href":"https:\/\/www.hwv-ammerbuch.de\/index.php?rest_route=\/wp\/v2\/types\/post"}],"author":[{"embeddable":true,"href":"https:\/\/www.hwv-ammerbuch.de\/index.php?rest_route=\/wp\/v2\/users\/1"}],"replies":[{"embeddable":true,"href":"https:\/\/www.hwv-ammerbuch.de\/index.php?rest_route=%2Fwp%2Fv2%2Fcomments&post=2648"}],"version-history":[{"count":1,"href":"https:\/\/www.hwv-ammerbuch.de\/index.php?rest_route=\/wp\/v2\/posts\/2648\/revisions"}],"predecessor-version":[{"id":2649,"href":"https:\/\/www.hwv-ammerbuch.de\/index.php?rest_route=\/wp\/v2\/posts\/2648\/revisions\/2649"}],"wp:attachment":[{"href":"https:\/\/www.hwv-ammerbuch.de\/index.php?rest_route=%2Fwp%2Fv2%2Fmedia&parent=2648"}],"wp:term":[{"taxonomy":"category","embeddable":true,"href":"https:\/\/www.hwv-ammerbuch.de\/index.php?rest_route=%2Fwp%2Fv2%2Fcategories&post=2648"},{"taxonomy":"post_tag","embeddable":true,"href":"https:\/\/www.hwv-ammerbuch.de\/index.php?rest_route=%2Fwp%2Fv2%2Ftags&post=2648"}],"curies":[{"name":"wp","href":"https:\/\/api.w.org\/{rel}","templated":true}]}}