{"id":2644,"date":"2020-06-18T21:34:14","date_gmt":"2020-06-18T21:34:14","guid":{"rendered":"http:\/\/www.hwv-ammerbuch.de\/?p=2644"},"modified":"2023-02-04T20:23:27","modified_gmt":"2023-02-04T20:23:27","slug":"2644","status":"publish","type":"post","link":"https:\/\/www.hwv-ammerbuch.de\/?p=2644","title":{"rendered":""},"content":{"rendered":"\n<p class=\"has-medium-font-size\">Funde aus der Poltringer Ortsgeschichte \u2013 \u201eRottenburger Stadtarzt Johann Wittel\u201c<\/p>\n\n\n\n<figure class=\"wp-block-image\"><img loading=\"lazy\" decoding=\"async\" width=\"768\" height=\"1024\" src=\"http:\/\/www.hwv-ammerbuch.de\/wp-content\/uploads\/2020\/07\/HWV-AG-Stadtarzt-768x1024.jpg\" alt=\"\" class=\"wp-image-2645\" srcset=\"https:\/\/www.hwv-ammerbuch.de\/wp-content\/uploads\/2020\/07\/HWV-AG-Stadtarzt-768x1024.jpg 768w, https:\/\/www.hwv-ammerbuch.de\/wp-content\/uploads\/2020\/07\/HWV-AG-Stadtarzt-225x300.jpg 225w, https:\/\/www.hwv-ammerbuch.de\/wp-content\/uploads\/2020\/07\/HWV-AG-Stadtarzt.jpg 1040w\" sizes=\"auto, (max-width: 768px) 100vw, 768px\" \/><\/figure>\n\n\n\n<p>Mindestens im Jahre 1631 war der aus Poltringen stammende Dr. med. Johann Wittel Stadtarzt von Rottenburg. Er hatte in Freiburg seit 1608 Medizin studiert. Von ihm wei\u00df man vor allem deswegen, da er einige B\u00fccher in seinem Besitz hatte, die bis heute \u00fcberdauert haben und in denen er durch eine Inschrift als Besitzer des Buches ausgewiesen ist.<\/p>\n\n\n\n<p>Bei den B\u00fcchern handelt es sich um wertvolle, meist theologische Inkunabeln, d.h. B\u00fccher, die vor 1501 gedruckt wurden. Buchdruck gab es damals ja \u00fcberhaupt erst seit ca. 1450. In diesen B\u00fcchern ist er folgenderma\u00dfen unterschiedlich neben meist anderen fr\u00fcheren oder sp\u00e4teren Besitzern vermerkt: \u201eEx libris Joan: Wittell Boltring: m. Doct:\u201c, \u201eEx libris Joan: Wittelij Boltringensis M. Doct:\u201c, \u201eEx libris Joan Wittelij Boltring: med: Doct:\u201c, \u201eEx libris Joan: Wittelij Boltringensis med: Doctoris\u201c oder \u201eEx libris Joan: Wittelij Baltring. med. Doct.\u201c.<\/p>\n\n\n\n<p>Von ihm gibt es zudem in der Wurmlinger Kapelle ein im Zusammenhang mit einer j\u00e4hrlichen Weinspende 1631 gestiftetes Bild: \u201eSchmerzensmann\u201c. Es h\u00e4ngt an der Nordwand der Kapelle im hinteren Bereich unter der Empore auf Augenh\u00f6he.<\/p>\n\n\n\n<p>Ein weiterer Hinweis auf ihn ergeben drei Dokumente \u00fcber Kreditvertr\u00e4ge aus Freiburg von 1622 und 1623 (Universit\u00e4tsarchiv Freiburg, Bestand A 104 Urkunden der Stiftungsverwaltung, S. 110, Nr. 504-506).<\/p>\n\n\n\n<p>Andere Quellen \u00fcber ihn haben leider nicht \u00fcberdauert. Dies liegt sicher auch an den zwei Rottenburger Stadtbr\u00e4nden von 1644 und 1735, in denen neben gro\u00dfen Teilen der Altstadt viel Archivgut in Flammen aufging.<\/p>\n\n\n\n<p>Wer hierzu vertiefende Informationen beitragen kann oder andere Geschichten als \u201eFundst\u00fccke\u201c beitragen m\u00f6chte, kann sich gerne bei unserer AG melden (heimatgeschichte \u00e4t hwv-ammerbuch punkt de).<\/p>\n\n\n\n<p class=\"has-text-align-right\">F\u00fcr die AG \u201ePoltringer Ortsgeschichte\u201c, Boris Dieter<\/p>\n","protected":false},"excerpt":{"rendered":"<p>Funde aus der Poltringer Ortsgeschichte \u2013 \u201eRottenburger Stadtarzt Johann Wittel\u201c Mindestens im Jahre 1631 war der aus Poltringen stammende Dr. med. Johann Wittel Stadtarzt von Rottenburg. Er hatte in Freiburg seit 1608 Medizin studiert. Von ihm wei\u00df man vor allem deswegen, da er einige B\u00fccher in seinem Besitz hatte, die bis heute \u00fcberdauert haben undContinue reading &rarr;<\/p>\n","protected":false},"author":1,"featured_media":0,"comment_status":"closed","ping_status":"closed","sticky":false,"template":"","format":"standard","meta":{"footnotes":""},"categories":[12],"tags":[],"class_list":["post-2644","post","type-post","status-publish","format-standard","hentry","category-poltringer-heimatgeschichte","no-thumb"],"_links":{"self":[{"href":"https:\/\/www.hwv-ammerbuch.de\/index.php?rest_route=\/wp\/v2\/posts\/2644","targetHints":{"allow":["GET"]}}],"collection":[{"href":"https:\/\/www.hwv-ammerbuch.de\/index.php?rest_route=\/wp\/v2\/posts"}],"about":[{"href":"https:\/\/www.hwv-ammerbuch.de\/index.php?rest_route=\/wp\/v2\/types\/post"}],"author":[{"embeddable":true,"href":"https:\/\/www.hwv-ammerbuch.de\/index.php?rest_route=\/wp\/v2\/users\/1"}],"replies":[{"embeddable":true,"href":"https:\/\/www.hwv-ammerbuch.de\/index.php?rest_route=%2Fwp%2Fv2%2Fcomments&post=2644"}],"version-history":[{"count":3,"href":"https:\/\/www.hwv-ammerbuch.de\/index.php?rest_route=\/wp\/v2\/posts\/2644\/revisions"}],"predecessor-version":[{"id":2987,"href":"https:\/\/www.hwv-ammerbuch.de\/index.php?rest_route=\/wp\/v2\/posts\/2644\/revisions\/2987"}],"wp:attachment":[{"href":"https:\/\/www.hwv-ammerbuch.de\/index.php?rest_route=%2Fwp%2Fv2%2Fmedia&parent=2644"}],"wp:term":[{"taxonomy":"category","embeddable":true,"href":"https:\/\/www.hwv-ammerbuch.de\/index.php?rest_route=%2Fwp%2Fv2%2Fcategories&post=2644"},{"taxonomy":"post_tag","embeddable":true,"href":"https:\/\/www.hwv-ammerbuch.de\/index.php?rest_route=%2Fwp%2Fv2%2Ftags&post=2644"}],"curies":[{"name":"wp","href":"https:\/\/api.w.org\/{rel}","templated":true}]}}