{"id":2640,"date":"2020-06-08T21:29:52","date_gmt":"2020-06-08T21:29:52","guid":{"rendered":"http:\/\/www.hwv-ammerbuch.de\/?p=2640"},"modified":"2023-02-04T20:23:40","modified_gmt":"2023-02-04T20:23:40","slug":"2640","status":"publish","type":"post","link":"https:\/\/www.hwv-ammerbuch.de\/?p=2640","title":{"rendered":""},"content":{"rendered":"\n<p class=\"has-medium-font-size\">Funde aus der Poltringer Ortsgeschichte \u2013 \u201ePoltringer Tapetenstreit\u201c<\/p>\n\n\n\n<p>Im Jahr 1847 kam es zu einer gerichtlichen Auseinandersetzung zwischen dem Kaufmann Gustav F. Baur und dem Sattlermeister Schwarzw\u00e4lder vor dem T\u00fcbinger Stadtschultheisenamt. Dieser hatte von Baur f\u00fcnf Jahre zuvor Tapeten im Wert von ca. 16 Gulden (heute ca. 270 EUR) bezogen und gab an diese f\u00fcr das Schloss des damaligen Poltringer Ortsherrn Freiherr von Ulm zu ben\u00f6tigen. Eine Zahlung an Baur erfolgte dann aber nicht und der Freiherr wie sein Werkmeister best\u00e4tigten beide, dass sie diese Tapeten nicht bekommen bzw. bestellt h\u00e4tten.<\/p>\n\n\n\n<p>Aus den vorliegenden Akten ergibt sich zudem, dass Baur dem Schwarzw\u00e4lder zudem vorwarf diese Tapeten damals f\u00fcr sein eigenes Haus verwendet zu haben. Dies beweise, dass die jetzige Hausbesitzerin sich mit einem Probest\u00fcck der Tapete an ihn gewandt h\u00e4tte, da sie weitere St\u00fccke davon erwerben wolle. Besonders ist daher die unten abgebildete Anlage der Akte dazu, ein Tapetenst\u00fcck mit dem damals bestellten Dekor. Ein Urteilsspruch wurde in den bisherigen Unterlagen nicht erw\u00e4hnt, vielleicht ist ein Vergleich geschlossen worden. Jedenfalls gab es ein erfolgreiches Vollstreckungsverfahren und Herr Baur kam zu seinem Geld inklusive Zinsen.<\/p>\n\n\n\n<figure class=\"wp-block-image\"><img loading=\"lazy\" decoding=\"async\" width=\"1024\" height=\"768\" src=\"http:\/\/www.hwv-ammerbuch.de\/wp-content\/uploads\/2020\/07\/HWV-AG-Tapetenstreit-1024x768.jpg\" alt=\"\" class=\"wp-image-2641\" srcset=\"https:\/\/www.hwv-ammerbuch.de\/wp-content\/uploads\/2020\/07\/HWV-AG-Tapetenstreit-1024x768.jpg 1024w, https:\/\/www.hwv-ammerbuch.de\/wp-content\/uploads\/2020\/07\/HWV-AG-Tapetenstreit-300x225.jpg 300w, https:\/\/www.hwv-ammerbuch.de\/wp-content\/uploads\/2020\/07\/HWV-AG-Tapetenstreit-768x576.jpg 768w, https:\/\/www.hwv-ammerbuch.de\/wp-content\/uploads\/2020\/07\/HWV-AG-Tapetenstreit-400x300.jpg 400w, https:\/\/www.hwv-ammerbuch.de\/wp-content\/uploads\/2020\/07\/HWV-AG-Tapetenstreit.jpg 1386w\" sizes=\"auto, (max-width: 1024px) 100vw, 1024px\" \/><figcaption class=\"wp-element-caption\"> Anlage des Gerichtsprotokolls: Tapetenmuster der Tapetenfabrik Hau\u00dfmann in Blaubeuren mit Nachricht und Versandsiegel von 1847 <\/figcaption><\/figure>\n\n\n\n<p>Auf dem abgebildeten Tapetenst\u00fcck, das der Gerichtsakte als Beilage anlag, best\u00e4tigt der Tapetenfabrikant die Herkunft und den Verkauf der Tapete (\u00dcbertragung Joachim Renschler, Ellwangen):<\/p>\n\n\n\n<blockquote class=\"wp-block-quote is-layout-flow wp-block-quote-is-layout-flow\">\n<p> \u201eDas von K. G. Baur in T\u00fcbingen mir vorgelegte Tapeten-Muster, welches er laut Rechnungs-Auszug im September 1842 von mir bezogen hat, wurde in meiner Tapetenfabrik mit Nr. 173. zum Satin Reseda* bezeichnet, was ich andurch mit meiner Unterschrift und Gesch\u00e4ftssiegel bezeuge <\/p>\n<cite> Blaubeuren 31\/8 1847  Fr. Hau\u00dfmann\u201c <\/cite><\/blockquote>\n\n\n\n<p class=\"has-small-font-size\">*Resedagr\u00fcn ist ein heller br\u00e4unlich-gr\u00fcner Farbton (hier des Tapetenstoffes Satin bzw. Atlas), der aus der Resedapflanze gewonnen wird (auch \u201eWau\u201c, \u201eF\u00e4rberreseda\u201c, \u201eStreichkraut\u201c, \u201eGilbkraut\u201c), nach dem Zweiten Weltkrieg konnte sich die Farbe als Grundanstrich f\u00fcr Maschinen und sonstige technische Anlagen etablieren (RAL 6011)<\/p>\n\n\n\n<p>Quelle: ein Faszikel in den Stadtschulthei\u00dfenamtsprotokollen 1847\/1848 (A 70 B\u00fc 1597), Stadtarchiv T\u00fcbingen<\/p>\n\n\n\n<p>Wer hierzu vertiefende Informationen beitragen kann oder andere Geschichten als \u201eFundst\u00fccke\u201c beitragen m\u00f6chte, kann sich gerne bei unserer AG melden (heimatgeschichte \u00e4t hwv-ammerbuch punkt de).<\/p>\n\n\n\n<p class=\"has-text-align-right\">F\u00fcr die AG \u201ePoltringer Ortsgeschichte\u201c, Boris Dieter<\/p>\n","protected":false},"excerpt":{"rendered":"<p>Funde aus der Poltringer Ortsgeschichte \u2013 \u201ePoltringer Tapetenstreit\u201c Im Jahr 1847 kam es zu einer gerichtlichen Auseinandersetzung zwischen dem Kaufmann Gustav F. Baur und dem Sattlermeister Schwarzw\u00e4lder vor dem T\u00fcbinger Stadtschultheisenamt. Dieser hatte von Baur f\u00fcnf Jahre zuvor Tapeten im Wert von ca. 16 Gulden (heute ca. 270 EUR) bezogen und gab an diese f\u00fcrContinue reading &rarr;<\/p>\n","protected":false},"author":1,"featured_media":0,"comment_status":"closed","ping_status":"closed","sticky":false,"template":"","format":"standard","meta":{"footnotes":""},"categories":[12],"tags":[],"class_list":["post-2640","post","type-post","status-publish","format-standard","hentry","category-poltringer-heimatgeschichte","no-thumb"],"_links":{"self":[{"href":"https:\/\/www.hwv-ammerbuch.de\/index.php?rest_route=\/wp\/v2\/posts\/2640","targetHints":{"allow":["GET"]}}],"collection":[{"href":"https:\/\/www.hwv-ammerbuch.de\/index.php?rest_route=\/wp\/v2\/posts"}],"about":[{"href":"https:\/\/www.hwv-ammerbuch.de\/index.php?rest_route=\/wp\/v2\/types\/post"}],"author":[{"embeddable":true,"href":"https:\/\/www.hwv-ammerbuch.de\/index.php?rest_route=\/wp\/v2\/users\/1"}],"replies":[{"embeddable":true,"href":"https:\/\/www.hwv-ammerbuch.de\/index.php?rest_route=%2Fwp%2Fv2%2Fcomments&post=2640"}],"version-history":[{"count":3,"href":"https:\/\/www.hwv-ammerbuch.de\/index.php?rest_route=\/wp\/v2\/posts\/2640\/revisions"}],"predecessor-version":[{"id":2988,"href":"https:\/\/www.hwv-ammerbuch.de\/index.php?rest_route=\/wp\/v2\/posts\/2640\/revisions\/2988"}],"wp:attachment":[{"href":"https:\/\/www.hwv-ammerbuch.de\/index.php?rest_route=%2Fwp%2Fv2%2Fmedia&parent=2640"}],"wp:term":[{"taxonomy":"category","embeddable":true,"href":"https:\/\/www.hwv-ammerbuch.de\/index.php?rest_route=%2Fwp%2Fv2%2Fcategories&post=2640"},{"taxonomy":"post_tag","embeddable":true,"href":"https:\/\/www.hwv-ammerbuch.de\/index.php?rest_route=%2Fwp%2Fv2%2Ftags&post=2640"}],"curies":[{"name":"wp","href":"https:\/\/api.w.org\/{rel}","templated":true}]}}