{"id":264,"date":"2009-11-17T13:57:46","date_gmt":"2009-11-17T11:57:46","guid":{"rendered":"http:\/\/hwvammerbuch.wordpress.com\/?p=264"},"modified":"2009-11-17T13:57:46","modified_gmt":"2009-11-17T11:57:46","slug":"stricken-halt-zusammen","status":"publish","type":"post","link":"https:\/\/www.hwv-ammerbuch.de\/?p=264","title":{"rendered":"Stricken h\u00e4lt zusammen"},"content":{"rendered":"<p>Wer in gemeinsamer Runde stricken will, oder das Sockenstricken lernen will ist hier an der richtigen Adresse. Je nach Stimmung und Laune der Interessenten sollen w\u00e4hrend der Wintermonate Zusammenk\u00fcnfte in gem\u00fctlicher Runde stattfinden. Also meldet euch baldm\u00f6glichst bei Erika Niethammer Tel. 07073\/6262. Diese Anregung richtet sich selbstverst\u00e4ndlich auch an die j\u00fcngeren Strickbegeisterten und an alle die es noch werden wollen. Auch G\u00e4ste sind herzlich willkommen.<\/p>\n","protected":false},"excerpt":{"rendered":"<p>Wer in gemeinsamer Runde stricken will, oder das Sockenstricken lernen will ist hier an der richtigen Adresse. Je nach Stimmung und Laune der Interessenten sollen w\u00e4hrend der Wintermonate Zusammenk\u00fcnfte in gem\u00fctlicher Runde stattfinden. Also meldet euch baldm\u00f6glichst bei Erika Niethammer Tel. 07073\/6262. Diese Anregung richtet sich selbstverst\u00e4ndlich auch an die j\u00fcngeren Strickbegeisterten und an alleContinue reading &rarr;<\/p>\n","protected":false},"author":1,"featured_media":0,"comment_status":"open","ping_status":"open","sticky":false,"template":"","format":"standard","meta":{"footnotes":""},"categories":[1],"tags":[],"class_list":["post-264","post","type-post","status-publish","format-standard","hentry","category-aktuelles","no-thumb"],"_links":{"self":[{"href":"https:\/\/www.hwv-ammerbuch.de\/index.php?rest_route=\/wp\/v2\/posts\/264","targetHints":{"allow":["GET"]}}],"collection":[{"href":"https:\/\/www.hwv-ammerbuch.de\/index.php?rest_route=\/wp\/v2\/posts"}],"about":[{"href":"https:\/\/www.hwv-ammerbuch.de\/index.php?rest_route=\/wp\/v2\/types\/post"}],"author":[{"embeddable":true,"href":"https:\/\/www.hwv-ammerbuch.de\/index.php?rest_route=\/wp\/v2\/users\/1"}],"replies":[{"embeddable":true,"href":"https:\/\/www.hwv-ammerbuch.de\/index.php?rest_route=%2Fwp%2Fv2%2Fcomments&post=264"}],"version-history":[{"count":0,"href":"https:\/\/www.hwv-ammerbuch.de\/index.php?rest_route=\/wp\/v2\/posts\/264\/revisions"}],"wp:attachment":[{"href":"https:\/\/www.hwv-ammerbuch.de\/index.php?rest_route=%2Fwp%2Fv2%2Fmedia&parent=264"}],"wp:term":[{"taxonomy":"category","embeddable":true,"href":"https:\/\/www.hwv-ammerbuch.de\/index.php?rest_route=%2Fwp%2Fv2%2Fcategories&post=264"},{"taxonomy":"post_tag","embeddable":true,"href":"https:\/\/www.hwv-ammerbuch.de\/index.php?rest_route=%2Fwp%2Fv2%2Ftags&post=264"}],"curies":[{"name":"wp","href":"https:\/\/api.w.org\/{rel}","templated":true}]}}