{"id":2638,"date":"2020-06-05T21:29:04","date_gmt":"2020-06-05T21:29:04","guid":{"rendered":"http:\/\/www.hwv-ammerbuch.de\/?p=2638"},"modified":"2020-07-08T21:29:39","modified_gmt":"2020-07-08T21:29:39","slug":"2638","status":"publish","type":"post","link":"https:\/\/www.hwv-ammerbuch.de\/?p=2638","title":{"rendered":""},"content":{"rendered":"\n<p class=\"has-medium-font-size\">Sonnwendfeier<\/p>\n\n\n\n<p>Wir h\u00e4tten gerne am 26.06.2020 das Fest der Sonnenwende mit der Ammerbucher Bev\u00f6lkerung gefeiert. Wie jedes Jahr mit Kinder-Fackelzug und anschlie\u00dfenden Entz\u00fcnden des Feuers. Doch wegen der Corona-Pandemie m\u00fcssen wir die Sonnwendfeier in diesem Jahr absagen.<\/p>\n\n\n\n<p class=\"has-medium-font-size\">50 Jahre Heimat-und Wanderverein Ammerbuch e. V.<\/p>\n\n\n\n<p>In diesem Jahr wollten wir im Juli das 50 j\u00e4hrige Jubil\u00e4um unseres Vereines feiern.<\/p>\n\n\n\n<p>Am Freitag 3. Juli sollte zusammen mit dem Oldie Team des Jugendclubs eine Palmbergdisco stattfinden. F\u00fcr den Samstag 4. Juli planten wir einen bunten Abend unter dem Motto \u201eVo \u00e4llem Ebbes\u201c. Die Roaler von Oberndorf sollten spielen, und die \u00f6rtlichen Vereine konnten mit einem Beitrag den \u201egoldenen Wanderschuh\u201c gewinnen. An diesem Abend war zudem die Ehrung unserer langj\u00e4hrigen Mitglieder vorgesehen.<\/p>\n\n\n\n<p>Doch dann kam Corona und wir haben uns entschlossen aufgrund der unsicheren Lage bez\u00fcglich der Vereinsfeiern unsere Jubil\u00e4umsfeierlichkeiten zu verschieben. Ein neuer Termin steht bisher noch nicht fest, diesen werden wir sobald er feststeht im Gemeindeboten bekannt geben.<\/p>\n\n\n\n<p>An dieser Stelle m\u00f6chten wir uns bei der B\u00fcrgermeisterin, dem Ortsvorsteher und den Vereinen, die bereits zugesagt hatten bei unserem Jubil\u00e4um mitzuwirken, bedanken. Wir hoffen, dass auch am Ersatz-Termin alle mit uns feiern.<\/p>\n\n\n\n<p style=\"text-align:right\">Katrin Flaisch | Schriftf\u00fchrerin <\/p>\n","protected":false},"excerpt":{"rendered":"<p>Sonnwendfeier Wir h\u00e4tten gerne am 26.06.2020 das Fest der Sonnenwende mit der Ammerbucher Bev\u00f6lkerung gefeiert. Wie jedes Jahr mit Kinder-Fackelzug und anschlie\u00dfenden Entz\u00fcnden des Feuers. Doch wegen der Corona-Pandemie m\u00fcssen wir die Sonnwendfeier in diesem Jahr absagen. 50 Jahre Heimat-und Wanderverein Ammerbuch e. V. In diesem Jahr wollten wir im Juli das 50 j\u00e4hrige Jubil\u00e4umContinue reading &rarr;<\/p>\n","protected":false},"author":1,"featured_media":0,"comment_status":"closed","ping_status":"closed","sticky":false,"template":"","format":"standard","meta":{"footnotes":""},"categories":[1],"tags":[],"class_list":["post-2638","post","type-post","status-publish","format-standard","hentry","category-aktuelles","no-thumb"],"_links":{"self":[{"href":"https:\/\/www.hwv-ammerbuch.de\/index.php?rest_route=\/wp\/v2\/posts\/2638","targetHints":{"allow":["GET"]}}],"collection":[{"href":"https:\/\/www.hwv-ammerbuch.de\/index.php?rest_route=\/wp\/v2\/posts"}],"about":[{"href":"https:\/\/www.hwv-ammerbuch.de\/index.php?rest_route=\/wp\/v2\/types\/post"}],"author":[{"embeddable":true,"href":"https:\/\/www.hwv-ammerbuch.de\/index.php?rest_route=\/wp\/v2\/users\/1"}],"replies":[{"embeddable":true,"href":"https:\/\/www.hwv-ammerbuch.de\/index.php?rest_route=%2Fwp%2Fv2%2Fcomments&post=2638"}],"version-history":[{"count":1,"href":"https:\/\/www.hwv-ammerbuch.de\/index.php?rest_route=\/wp\/v2\/posts\/2638\/revisions"}],"predecessor-version":[{"id":2639,"href":"https:\/\/www.hwv-ammerbuch.de\/index.php?rest_route=\/wp\/v2\/posts\/2638\/revisions\/2639"}],"wp:attachment":[{"href":"https:\/\/www.hwv-ammerbuch.de\/index.php?rest_route=%2Fwp%2Fv2%2Fmedia&parent=2638"}],"wp:term":[{"taxonomy":"category","embeddable":true,"href":"https:\/\/www.hwv-ammerbuch.de\/index.php?rest_route=%2Fwp%2Fv2%2Fcategories&post=2638"},{"taxonomy":"post_tag","embeddable":true,"href":"https:\/\/www.hwv-ammerbuch.de\/index.php?rest_route=%2Fwp%2Fv2%2Ftags&post=2638"}],"curies":[{"name":"wp","href":"https:\/\/api.w.org\/{rel}","templated":true}]}}