{"id":2632,"date":"2020-05-26T21:25:10","date_gmt":"2020-05-26T21:25:10","guid":{"rendered":"http:\/\/www.hwv-ammerbuch.de\/?p=2632"},"modified":"2023-02-04T20:25:31","modified_gmt":"2023-02-04T20:25:31","slug":"2632","status":"publish","type":"post","link":"https:\/\/www.hwv-ammerbuch.de\/?p=2632","title":{"rendered":""},"content":{"rendered":"\n<p class=\"has-medium-font-size\">Funde aus der Poltringer Ortsgeschichte \u2013 \u201ePoltringer Volkslieder\u201c<\/p>\n\n\n\n<p>Im w\u00fcrttembergischen Volksliedarchiv finden sich zwei Lieder, die herkunftsm\u00e4\u00dfig Poltringen zugeschrieben werden: \u201eDer wundergro\u00dfe Mann\u201c und \u201eHeirathe mich\u201c. Sie stammen beide aus der Volksliedsammlung des T\u00fcbinger Professors Ernst Heinrich Meier mit dem Titel \u201eSchw\u00e4bische Volkslieder mit ausgew\u00e4hlten Melodien\u201c von 1855.<\/p>\n\n\n\n<p>Das Volksliedarchiv selbst wurde zwischen 1880 und 1940 von der Landesstelle f\u00fcr Volkskunde und dem Deutschen Volksliedarchiv in Freiburg zusammengestellt. Es umfasst \u00fcber 22.000 Liedbelege in Form loser maschinengeschriebener Zettel mit Liedtexten sowie Noten und Erl\u00e4uterungen zu Teilen des Bestands. Diese Belege dokumentieren Volkslieder, Kinderreime und -verse sowie anderes Liedgut aus W\u00fcrttemberg.<\/p>\n\n\n\n<figure class=\"wp-block-image\"><img loading=\"lazy\" decoding=\"async\" width=\"936\" height=\"600\" src=\"http:\/\/www.hwv-ammerbuch.de\/wp-content\/uploads\/2020\/07\/HWV-AG-Poltringer-Lieder.jpg\" alt=\"\" class=\"wp-image-2633\" srcset=\"https:\/\/www.hwv-ammerbuch.de\/wp-content\/uploads\/2020\/07\/HWV-AG-Poltringer-Lieder.jpg 936w, https:\/\/www.hwv-ammerbuch.de\/wp-content\/uploads\/2020\/07\/HWV-AG-Poltringer-Lieder-300x192.jpg 300w, https:\/\/www.hwv-ammerbuch.de\/wp-content\/uploads\/2020\/07\/HWV-AG-Poltringer-Lieder-768x492.jpg 768w, https:\/\/www.hwv-ammerbuch.de\/wp-content\/uploads\/2020\/07\/HWV-AG-Poltringer-Lieder-468x300.jpg 468w\" sizes=\"auto, (max-width: 936px) 100vw, 936px\" \/><\/figure>\n\n\n\n<p><strong>Der wundergro\u00dfe Mann<\/strong><\/p>\n\n\n\n<p>Es gaht a Ma de Berg hinauf<br> Wundergro\u00df;<\/p>\n\n\n\n<p>Da sah er auch drei Hasen<\/p>\n\n\n\n<p>In jenem Thale grasen.<\/p>\n\n\n\n<p>Wunder, Wunder \u00fcber Wunder<\/p>\n\n\n\n<p>Wie die Hasen grasen kunnten,<\/p>\n\n\n\n<p>Das wundert mich.<\/p>\n\n\n\n<p>Es gaht a Ma de Berg hinauf<br>\nWundergro\u00df;<\/p>\n\n\n\n<p>Da sah er auch drei Kr\u00e4hen<\/p>\n\n\n\n<p>In jenem Thale m\u00e4hen.<\/p>\n\n\n\n<p>Wunder, Wunder \u00fcber Wunder<\/p>\n\n\n\n<p>Wie die Kr\u00e4hen m\u00e4hen kunnten,<\/p>\n\n\n\n<p>Das wundert mich.<\/p>\n\n\n\n<p>Es gaht a Ma de Berg hinauf<br>\nWundergro\u00df;<\/p>\n\n\n\n<p>Da sah er auch drei Schnecken<\/p>\n\n\n\n<p>In einer Mulde kneten.<\/p>\n\n\n\n<p>Wunder, Wunder \u00fcber Wunder<\/p>\n\n\n\n<p>Wie die Schnecken kneten kunnten,<\/p>\n\n\n\n<p>Das wundert mich.<\/p>\n\n\n\n<p><strong>Heirathe mich<\/strong><\/p>\n\n\n\n<p>Ich hab a Stub<br>\nUnd darin ist kein Of\u00b4<\/p>\n\n\n\n<p>Und wenn I `nein schau<\/p>\n\n\n\n<p>So friertst mi im Kopf.<\/p>\n\n\n\n<p>\/ Heirathest Du mich, :\/<\/p>\n\n\n\n<p>Nichts als Gutleben<\/p>\n\n\n\n<p>Sollst haben bei mir.<\/p>\n\n\n\n<p>Ich hab en Kasten<br>\nDarin ist kein Kleid<\/p>\n\n\n\n<p>Und wenn I `nein schau<\/p>\n\n\n\n<p>So ists Jammer und Leid.<\/p>\n\n\n\n<p>\/ Heirathest Du mich, :\/<\/p>\n\n\n\n<p>Nichts als Gutleben<\/p>\n\n\n\n<p>Sollst haben bei mir.<\/p>\n\n\n\n<p>Ich hab a Tischlad<br>\nUnd darin ist kein Brod<\/p>\n\n\n\n<p>Und wenn I `nein schau<\/p>\n\n\n\n<p>So ists Jammer und Noth.<\/p>\n\n\n\n<p>\/ Heirathest Du mich, :\/<\/p>\n\n\n\n<p>Nichts als Gutleben<\/p>\n\n\n\n<p>Sollst haben bei mir.<\/p>\n\n\n\n<p>Die Melodien dazu sind leider nicht bekannt.<\/p>\n\n\n\n<p>Quelle: Landesmuseum W\u00fcrttemberg, Sammlung Online<\/p>\n\n\n\n<p>Wer hierzu vertiefende Informationen beitragen kann oder andere Geschichten als \u201eFundst\u00fccke\u201c beitragen m\u00f6chte, kann sich gerne bei unserer AG melden (heimatgeschichte \u00e4t hwv-ammerbuch punkt de).<\/p>\n\n\n\n<p class=\"has-text-align-right\">F\u00fcr die AG \u201ePoltringer Ortsgeschichte\u201c, Boris Dieter<\/p>\n","protected":false},"excerpt":{"rendered":"<p>Funde aus der Poltringer Ortsgeschichte \u2013 \u201ePoltringer Volkslieder\u201c Im w\u00fcrttembergischen Volksliedarchiv finden sich zwei Lieder, die herkunftsm\u00e4\u00dfig Poltringen zugeschrieben werden: \u201eDer wundergro\u00dfe Mann\u201c und \u201eHeirathe mich\u201c. Sie stammen beide aus der Volksliedsammlung des T\u00fcbinger Professors Ernst Heinrich Meier mit dem Titel \u201eSchw\u00e4bische Volkslieder mit ausgew\u00e4hlten Melodien\u201c von 1855. Das Volksliedarchiv selbst wurde zwischen 1880 undContinue reading &rarr;<\/p>\n","protected":false},"author":1,"featured_media":0,"comment_status":"closed","ping_status":"closed","sticky":false,"template":"","format":"standard","meta":{"footnotes":""},"categories":[12],"tags":[],"class_list":["post-2632","post","type-post","status-publish","format-standard","hentry","category-poltringer-heimatgeschichte","no-thumb"],"_links":{"self":[{"href":"https:\/\/www.hwv-ammerbuch.de\/index.php?rest_route=\/wp\/v2\/posts\/2632","targetHints":{"allow":["GET"]}}],"collection":[{"href":"https:\/\/www.hwv-ammerbuch.de\/index.php?rest_route=\/wp\/v2\/posts"}],"about":[{"href":"https:\/\/www.hwv-ammerbuch.de\/index.php?rest_route=\/wp\/v2\/types\/post"}],"author":[{"embeddable":true,"href":"https:\/\/www.hwv-ammerbuch.de\/index.php?rest_route=\/wp\/v2\/users\/1"}],"replies":[{"embeddable":true,"href":"https:\/\/www.hwv-ammerbuch.de\/index.php?rest_route=%2Fwp%2Fv2%2Fcomments&post=2632"}],"version-history":[{"count":2,"href":"https:\/\/www.hwv-ammerbuch.de\/index.php?rest_route=\/wp\/v2\/posts\/2632\/revisions"}],"predecessor-version":[{"id":2990,"href":"https:\/\/www.hwv-ammerbuch.de\/index.php?rest_route=\/wp\/v2\/posts\/2632\/revisions\/2990"}],"wp:attachment":[{"href":"https:\/\/www.hwv-ammerbuch.de\/index.php?rest_route=%2Fwp%2Fv2%2Fmedia&parent=2632"}],"wp:term":[{"taxonomy":"category","embeddable":true,"href":"https:\/\/www.hwv-ammerbuch.de\/index.php?rest_route=%2Fwp%2Fv2%2Fcategories&post=2632"},{"taxonomy":"post_tag","embeddable":true,"href":"https:\/\/www.hwv-ammerbuch.de\/index.php?rest_route=%2Fwp%2Fv2%2Ftags&post=2632"}],"curies":[{"name":"wp","href":"https:\/\/api.w.org\/{rel}","templated":true}]}}