{"id":2628,"date":"2020-05-18T21:22:22","date_gmt":"2020-05-18T21:22:22","guid":{"rendered":"http:\/\/www.hwv-ammerbuch.de\/?p=2628"},"modified":"2023-02-04T20:25:42","modified_gmt":"2023-02-04T20:25:42","slug":"2628","status":"publish","type":"post","link":"https:\/\/www.hwv-ammerbuch.de\/?p=2628","title":{"rendered":""},"content":{"rendered":"\n<p class=\"has-medium-font-size\">Funde aus der Poltringer Ortsgeschichte \u2013 \u201ePoltringer B\u00fcrgermeisterm\u00f6rder?\u201c<\/p>\n\n\n\n<p>Im Jahr 1657 kam es zu einem T\u00f6tungsdelikt durch einen Poltringer, der aufgrund der besonderen Tatsituation nicht nur Gerichte, sondern auch Gutachter besch\u00e4ftigte. Was war geschehen?<\/p>\n\n\n\n<p>Der Poltringer Hans Rothfelder war an einem Markttag in (Unter-) Jesingen und mischte sich in eine Schl\u00e4gerei zwischen Hans Arnold, einem Weber, und Jacob Mesinger, einem K\u00fcfer, ein. Warum er das tat, war (auch damals schon) nicht ermittelbar. Um Frieden zu stiften kam der Jesinger B\u00fcrgermeister Hans Rebstock dazu und versuchte die Streitenden, es waren weitere M\u00e4nner beteiligt und auch Waffen wie Degen und Messer im Spiel, zu trennen. In der darauffolgenden Auseinandersetzung t\u00f6tete Rothfelder dann den B\u00fcrgermeister, mit dem er vorher keinen Streit oder \u00c4hnliches hatte, mit einem Degenschlag auf den Kopf.<\/p>\n\n\n\n<p>Im Prozess argumentierte sein Verteidiger mit Notwehr, da Rothfelder von Mesinger, der ein Messer f\u00fchrte, leicht an der Hand verletzt und selbst angegriffen sowie vom B\u00fcrgermeister mit einem Stock geschlagen wurde. Auch ist \u00fcberliefert, dass der Freiherr von Wolkenstein, der damalige Poltringer Ortsherr, sich schriftlich f\u00fcr den noch jungen Rothfelder verwendete, der bisher ein unbescholtenes Leben gef\u00fchrt hatte.<\/p>\n\n\n\n<p>Es gibt heute nur noch die beiden Gutachten (&#8222;Consilium&#8220;), die das Gericht zu diesem Fall einholte. Das erste ist von zwei T\u00fcbinger Rechtsanw\u00e4lten, die nicht zur Universit\u00e4t geh\u00f6rten. Diese pl\u00e4dierten f\u00fcr eine Hinrichtung des Rothfelders wegen T\u00f6tung eines Dritten und Notwehrexzesses. Das zweite schrieb dann ein T\u00fcbinger Professor. Er sprach sich f\u00fcr eine mildere Strafe aus und schlug 5 Jahre Milit\u00e4rdienst vor. Dass es zwei Gutachten gab, k\u00f6nnte auch daran gelegen haben, dass Poltringen und Jesingen in zwei unterschiedlichen Herrschaftsgebieten und Konfessionsbereichen, evang. W\u00fcrttemberg und kath. Hohenberg-Habsburg, lagen und damit auch zu unterschiedlichen Rechtssph\u00e4ren. Damit hatte ja ein andersgl\u00e4ubiger Ausl\u00e4nder einen w\u00fcrttembergischen Amtstr\u00e4ger get\u00f6tet, was sicher auch zu politischen Spannungen f\u00fchrte. Wie der Prozess ausging, ist leider nicht \u00fcberliefert.<\/p>\n\n\n\n<p>Quelle: Hauptstaatsarchiv Stuttgart A 209 B\u00fc 1917 bzw. Buch &#8222;Making Manslaughter: Process, Punishment and Restitution in W\u00fcrttemberg and Zurich, 1376-1700&#8220; von Susanne Pohl-Zucker von 2017, Seiten 154-159<\/p>\n\n\n\n<p>Wer hierzu vertiefende Informationen beitragen kann oder andere Geschichten als \u201eFundst\u00fccke\u201c beitragen m\u00f6chte, kann sich gerne bei unserer AG melden (heimatgeschichte \u00e4t hwv-ammerbuch punkt de).<\/p>\n\n\n\n<p class=\"has-text-align-right\">F\u00fcr die AG \u201ePoltringer Ortsgeschichte\u201c, Boris Dieter<\/p>\n","protected":false},"excerpt":{"rendered":"<p>Funde aus der Poltringer Ortsgeschichte \u2013 \u201ePoltringer B\u00fcrgermeisterm\u00f6rder?\u201c Im Jahr 1657 kam es zu einem T\u00f6tungsdelikt durch einen Poltringer, der aufgrund der besonderen Tatsituation nicht nur Gerichte, sondern auch Gutachter besch\u00e4ftigte. Was war geschehen? Der Poltringer Hans Rothfelder war an einem Markttag in (Unter-) Jesingen und mischte sich in eine Schl\u00e4gerei zwischen Hans Arnold, einemContinue reading &rarr;<\/p>\n","protected":false},"author":1,"featured_media":0,"comment_status":"closed","ping_status":"closed","sticky":false,"template":"","format":"standard","meta":{"footnotes":""},"categories":[12],"tags":[],"class_list":["post-2628","post","type-post","status-publish","format-standard","hentry","category-poltringer-heimatgeschichte","no-thumb"],"_links":{"self":[{"href":"https:\/\/www.hwv-ammerbuch.de\/index.php?rest_route=\/wp\/v2\/posts\/2628","targetHints":{"allow":["GET"]}}],"collection":[{"href":"https:\/\/www.hwv-ammerbuch.de\/index.php?rest_route=\/wp\/v2\/posts"}],"about":[{"href":"https:\/\/www.hwv-ammerbuch.de\/index.php?rest_route=\/wp\/v2\/types\/post"}],"author":[{"embeddable":true,"href":"https:\/\/www.hwv-ammerbuch.de\/index.php?rest_route=\/wp\/v2\/users\/1"}],"replies":[{"embeddable":true,"href":"https:\/\/www.hwv-ammerbuch.de\/index.php?rest_route=%2Fwp%2Fv2%2Fcomments&post=2628"}],"version-history":[{"count":2,"href":"https:\/\/www.hwv-ammerbuch.de\/index.php?rest_route=\/wp\/v2\/posts\/2628\/revisions"}],"predecessor-version":[{"id":2991,"href":"https:\/\/www.hwv-ammerbuch.de\/index.php?rest_route=\/wp\/v2\/posts\/2628\/revisions\/2991"}],"wp:attachment":[{"href":"https:\/\/www.hwv-ammerbuch.de\/index.php?rest_route=%2Fwp%2Fv2%2Fmedia&parent=2628"}],"wp:term":[{"taxonomy":"category","embeddable":true,"href":"https:\/\/www.hwv-ammerbuch.de\/index.php?rest_route=%2Fwp%2Fv2%2Fcategories&post=2628"},{"taxonomy":"post_tag","embeddable":true,"href":"https:\/\/www.hwv-ammerbuch.de\/index.php?rest_route=%2Fwp%2Fv2%2Ftags&post=2628"}],"curies":[{"name":"wp","href":"https:\/\/api.w.org\/{rel}","templated":true}]}}