{"id":2621,"date":"2020-05-04T21:18:27","date_gmt":"2020-05-04T21:18:27","guid":{"rendered":"http:\/\/www.hwv-ammerbuch.de\/?p=2621"},"modified":"2023-02-04T20:26:02","modified_gmt":"2023-02-04T20:26:02","slug":"2621","status":"publish","type":"post","link":"https:\/\/www.hwv-ammerbuch.de\/?p=2621","title":{"rendered":""},"content":{"rendered":"\n<p class=\"has-medium-font-size\">Funde aus der Poltringer Ortsgeschichte \u2013 \u201ePolitische Schl\u00e4gerei\u201c<\/p>\n\n\n\n<p>Im Jahr 1932 kam es am 17.07. im Poltringer Gasthof \u201eB\u00e4ren\u201c (bis ca. 1970, Poltringer Hauptstra\u00dfe 22) zu einer Massenschl\u00e4gerei zwischen SPD und NSDAP Anh\u00e4ngern. Dabei wurden einige SPD Teilnehmer und insbesondere der Redner durch Schl\u00e4ge mit Schulterriemen der SA Uniformen verletzt. Das Vorkommnis ist im Zusammenhang zu sehen mit den gewaltt\u00e4tigen Auseinandersetzungen zwischen rechten und linken Gruppierungen im Vorfeld der am 31.07.1932 stattfindenden Reichstagswahl. Am selben Tag wie die Poltringer Schl\u00e4gerei ereignete sich z.B. auch der \u201eAltonaer Blutsonntag\u201c, bei dem bei einer Schie\u00dferei zwischen Kommunisten, Nationalsozialisten und der Polizei in Hamburg 18 Menschen ums Leben kamen und 285 verletzt wurden. Nach dieser Reichstagswahl stellte die NSDAP erstmals die st\u00e4rkste Fraktion.<\/p>\n\n\n\n<p>Die NSDAP Anh\u00e4nger st\u00f6rten in gro\u00dfer \u00dcberzahl eine in der Gastst\u00e4tte geplante SPD Versammlung wohl aus Rache f\u00fcr eine von der SPD gest\u00f6rte NSDAP Versammlung in Pfrondorf. Sie hatten vorher einen Kameradschaftsabend in Reusten und kamen von dort zu etwa drei\u00dfig Personen mit einem Lastwagen nach Poltringen. Es kam dann aber nicht zu der, von der Anklage geforderten Verurteilung wegen Landfriedensbruches, sondern zu Verurteilungen wegen K\u00f6rperverletzung und Beleidigung. Insgesamt wurden f\u00fcnf der acht angeklagten NSDAP Mitglieder aus dem Umland zu Strafen zwischen f\u00fcnf Monaten Gef\u00e4ngnis und 50 Mark Geldstrafe verurteilt. Dass Poltringer beteiligt waren, wird nicht berichtet (Quelle: \u201eT\u00fcbinger Chronik\u201c S. 1+2 vom 23.11.1932 Artikel \u201eDie politischen Schl\u00e4gereien von Poltringen vor Gericht\u201c).<\/p>\n\n\n\n<p>Wer hierzu vertiefende Informationen beitragen kann oder andere Geschichten als \u201eFundst\u00fccke\u201c beitragen m\u00f6chte, kann sich gerne bei unserer AG melden (heimatgeschichte \u00e4t hwv-ammerbuch punkt de).<\/p>\n\n\n\n<p class=\"has-text-align-right\">F\u00fcr die AG \u201ePoltringer Ortsgeschichte\u201c, Boris Dieter<\/p>\n","protected":false},"excerpt":{"rendered":"<p>Funde aus der Poltringer Ortsgeschichte \u2013 \u201ePolitische Schl\u00e4gerei\u201c Im Jahr 1932 kam es am 17.07. im Poltringer Gasthof \u201eB\u00e4ren\u201c (bis ca. 1970, Poltringer Hauptstra\u00dfe 22) zu einer Massenschl\u00e4gerei zwischen SPD und NSDAP Anh\u00e4ngern. Dabei wurden einige SPD Teilnehmer und insbesondere der Redner durch Schl\u00e4ge mit Schulterriemen der SA Uniformen verletzt. Das Vorkommnis ist im ZusammenhangContinue reading &rarr;<\/p>\n","protected":false},"author":1,"featured_media":0,"comment_status":"closed","ping_status":"closed","sticky":false,"template":"","format":"standard","meta":{"footnotes":""},"categories":[12],"tags":[],"class_list":["post-2621","post","type-post","status-publish","format-standard","hentry","category-poltringer-heimatgeschichte","no-thumb"],"_links":{"self":[{"href":"https:\/\/www.hwv-ammerbuch.de\/index.php?rest_route=\/wp\/v2\/posts\/2621","targetHints":{"allow":["GET"]}}],"collection":[{"href":"https:\/\/www.hwv-ammerbuch.de\/index.php?rest_route=\/wp\/v2\/posts"}],"about":[{"href":"https:\/\/www.hwv-ammerbuch.de\/index.php?rest_route=\/wp\/v2\/types\/post"}],"author":[{"embeddable":true,"href":"https:\/\/www.hwv-ammerbuch.de\/index.php?rest_route=\/wp\/v2\/users\/1"}],"replies":[{"embeddable":true,"href":"https:\/\/www.hwv-ammerbuch.de\/index.php?rest_route=%2Fwp%2Fv2%2Fcomments&post=2621"}],"version-history":[{"count":2,"href":"https:\/\/www.hwv-ammerbuch.de\/index.php?rest_route=\/wp\/v2\/posts\/2621\/revisions"}],"predecessor-version":[{"id":2993,"href":"https:\/\/www.hwv-ammerbuch.de\/index.php?rest_route=\/wp\/v2\/posts\/2621\/revisions\/2993"}],"wp:attachment":[{"href":"https:\/\/www.hwv-ammerbuch.de\/index.php?rest_route=%2Fwp%2Fv2%2Fmedia&parent=2621"}],"wp:term":[{"taxonomy":"category","embeddable":true,"href":"https:\/\/www.hwv-ammerbuch.de\/index.php?rest_route=%2Fwp%2Fv2%2Fcategories&post=2621"},{"taxonomy":"post_tag","embeddable":true,"href":"https:\/\/www.hwv-ammerbuch.de\/index.php?rest_route=%2Fwp%2Fv2%2Ftags&post=2621"}],"curies":[{"name":"wp","href":"https:\/\/api.w.org\/{rel}","templated":true}]}}