{"id":262,"date":"2009-10-22T09:16:23","date_gmt":"2009-10-22T07:16:23","guid":{"rendered":"http:\/\/hwvammerbuch.wordpress.com\/?p=262"},"modified":"2009-10-22T09:16:23","modified_gmt":"2009-10-22T07:16:23","slug":"tageswanderung-am-sonntag-25-10-2009","status":"publish","type":"post","link":"https:\/\/www.hwv-ammerbuch.de\/?p=262","title":{"rendered":"Tageswanderung am Sonntag 25.10.2009"},"content":{"rendered":"<p>Wir wollen unsere Touren zu den 10 -Tausendern fortsetzen.<\/p>\n<p>Um 9:30 Uhr treffen wir uns zur gemeinsamen Abfahrt am Rathaus in Poltringen.<\/p>\n<p>In Fahrgemeinschaften geht die Fahrt dann Richtung Wehingen \u2013 Schw\u00e4bische Alb.<\/p>\n<p>Dieses mal 3mal \u00fcber 1.000 Meter: Lemberg 1.015 m, Hochberg1.009 m und Oberhohenberg 1.011 m. Start: Wehingen, Wanderparkplatz. Wegverlauf: Wehingen \u2013 Lemberg \u2013 Oberhohenberg \u2013 Deilingen \u2013 Lembergsattel \u2013Wehingen.<\/p>\n<p>Wegcharakter und L\u00e4nge: Wanderung mit leichtem bis mittleren Schwierigkeitsgrad. Kurze steilere Anstiege sowie ebene und sanft ansteigende Strecken.<\/p>\n<p>15 km Gesamtl\u00e4nge. Zwischendurch machen wir eine Rast an einer Grillstelle evtl. ist die Lembergh\u00fctte ge\u00f6ffnet. Den 33m. Hohen Lembergturm k\u00f6nnen wir auf jedenfalls besteigen. Bitte Rucksackvesper mitnehmen. Wenn m\u00f6glich, ist ein Fernglas mitzunehmen. Den Abschluss der Wanderung machen wir wunschgem\u00e4\u00df wieder in der Dom\u00e4ne in Hechingen. Gastwanderer sind herzlich willkommen.<\/p>\n","protected":false},"excerpt":{"rendered":"<p>Wir wollen unsere Touren zu den 10 -Tausendern fortsetzen. Um 9:30 Uhr treffen wir uns zur gemeinsamen Abfahrt am Rathaus in Poltringen. In Fahrgemeinschaften geht die Fahrt dann Richtung Wehingen \u2013 Schw\u00e4bische Alb. Dieses mal 3mal \u00fcber 1.000 Meter: Lemberg 1.015 m, Hochberg1.009 m und Oberhohenberg 1.011 m. Start: Wehingen, Wanderparkplatz. Wegverlauf: Wehingen \u2013 LembergContinue reading &rarr;<\/p>\n","protected":false},"author":1,"featured_media":0,"comment_status":"open","ping_status":"open","sticky":false,"template":"","format":"standard","meta":{"footnotes":""},"categories":[1],"tags":[],"class_list":["post-262","post","type-post","status-publish","format-standard","hentry","category-aktuelles","no-thumb"],"_links":{"self":[{"href":"https:\/\/www.hwv-ammerbuch.de\/index.php?rest_route=\/wp\/v2\/posts\/262","targetHints":{"allow":["GET"]}}],"collection":[{"href":"https:\/\/www.hwv-ammerbuch.de\/index.php?rest_route=\/wp\/v2\/posts"}],"about":[{"href":"https:\/\/www.hwv-ammerbuch.de\/index.php?rest_route=\/wp\/v2\/types\/post"}],"author":[{"embeddable":true,"href":"https:\/\/www.hwv-ammerbuch.de\/index.php?rest_route=\/wp\/v2\/users\/1"}],"replies":[{"embeddable":true,"href":"https:\/\/www.hwv-ammerbuch.de\/index.php?rest_route=%2Fwp%2Fv2%2Fcomments&post=262"}],"version-history":[{"count":0,"href":"https:\/\/www.hwv-ammerbuch.de\/index.php?rest_route=\/wp\/v2\/posts\/262\/revisions"}],"wp:attachment":[{"href":"https:\/\/www.hwv-ammerbuch.de\/index.php?rest_route=%2Fwp%2Fv2%2Fmedia&parent=262"}],"wp:term":[{"taxonomy":"category","embeddable":true,"href":"https:\/\/www.hwv-ammerbuch.de\/index.php?rest_route=%2Fwp%2Fv2%2Fcategories&post=262"},{"taxonomy":"post_tag","embeddable":true,"href":"https:\/\/www.hwv-ammerbuch.de\/index.php?rest_route=%2Fwp%2Fv2%2Ftags&post=262"}],"curies":[{"name":"wp","href":"https:\/\/api.w.org\/{rel}","templated":true}]}}