{"id":2610,"date":"2020-04-06T19:41:05","date_gmt":"2020-04-06T19:41:05","guid":{"rendered":"http:\/\/www.hwv-ammerbuch.de\/?p=2610"},"modified":"2020-04-06T19:41:05","modified_gmt":"2020-04-06T19:41:05","slug":"2610","status":"publish","type":"post","link":"https:\/\/www.hwv-ammerbuch.de\/?p=2610","title":{"rendered":""},"content":{"rendered":"\n<p class=\"has-medium-font-size\">Funde aus der Poltringer Ortsgeschichte \u2013 \u201eNeues Poltringer Heimatbuch \u2013 Verkaufsstart\u201c<\/p>\n\n\n\n<div class=\"wp-block-image\"><figure class=\"aligncenter\"><img loading=\"lazy\" decoding=\"async\" width=\"305\" height=\"381\" src=\"http:\/\/www.hwv-ammerbuch.de\/wp-content\/uploads\/2020\/04\/HWV-AG-Heimatbuch-klein.jpg\" alt=\"\" class=\"wp-image-2611\" srcset=\"https:\/\/www.hwv-ammerbuch.de\/wp-content\/uploads\/2020\/04\/HWV-AG-Heimatbuch-klein.jpg 305w, https:\/\/www.hwv-ammerbuch.de\/wp-content\/uploads\/2020\/04\/HWV-AG-Heimatbuch-klein-240x300.jpg 240w\" sizes=\"auto, (max-width: 305px) 100vw, 305px\" \/><\/figure><\/div>\n\n\n\n<p>Ab sofort gibt es das neue Heimatbuch \u00fcber Poltringen an den u.g. Verkaufsstellen. Kurzweilig und informativ sind die f\u00fcnfzig Texte aus der Poltringer Ortshistorie \u2013 sie reichen von der Eiszeit bis in die Gegenwart. Sie sind mit \u00fcber 70 Bildern und Karten versehen, die teilweise bisher unver\u00f6ffentlicht waren.<\/p>\n\n\n\n<p>Das Buch erscheint aus Anlass des 50-j\u00e4hriges Jubil\u00e4ums des HWV in diesem Jahr. Der Erl\u00f6s des Buches unterst\u00fctzt die Vereinsarbeit des HWV. Die Auflage ist limitiert.<\/p>\n\n\n\n<p>Zum Preis von 20 EUR ist das Buch erh\u00e4ltlich bei:<\/p>\n\n\n\n<ul class=\"wp-block-list\"><li>Postagentur Papier Kittel (Poltringer Hauptstr. 49)<\/li><li>Ortsvorsteher Herr Hess im Poltringer Rathaus zu den Sprechzeiten (Poltringer Hauptstra\u00dfe 45)<\/li><li>bei der 1. Vorsitzenden des HWV Margot Sailer (Pfalzgrafenring 5, Tel. 07073\/2127)<\/li><li>in der Palmbergh\u00fctte zu den \u00d6ffnungszeiten<\/li><li>oder beim Autor (Schickhardtring 15)<\/li><\/ul>\n\n\n\n<p>Herr Groebe hat das Buch nun auch auf seiner Homepage: https:\/\/neckaralb-verlag.de\/boris-dieter-50-geschichten\/<\/p>\n\n\n\n<p style=\"text-align:right\">F\u00fcr die AG \u201ePoltringer Ortsgeschichte\u201c, Boris Dieter<\/p>\n","protected":false},"excerpt":{"rendered":"<p>Funde aus der Poltringer Ortsgeschichte \u2013 \u201eNeues Poltringer Heimatbuch \u2013 Verkaufsstart\u201c Ab sofort gibt es das neue Heimatbuch \u00fcber Poltringen an den u.g. Verkaufsstellen. Kurzweilig und informativ sind die f\u00fcnfzig Texte aus der Poltringer Ortshistorie \u2013 sie reichen von der Eiszeit bis in die Gegenwart. Sie sind mit \u00fcber 70 Bildern und Karten versehen, dieContinue reading &rarr;<\/p>\n","protected":false},"author":1,"featured_media":0,"comment_status":"closed","ping_status":"closed","sticky":false,"template":"","format":"standard","meta":{"footnotes":""},"categories":[12],"tags":[],"class_list":["post-2610","post","type-post","status-publish","format-standard","hentry","category-poltringer-heimatgeschichte","no-thumb"],"_links":{"self":[{"href":"https:\/\/www.hwv-ammerbuch.de\/index.php?rest_route=\/wp\/v2\/posts\/2610","targetHints":{"allow":["GET"]}}],"collection":[{"href":"https:\/\/www.hwv-ammerbuch.de\/index.php?rest_route=\/wp\/v2\/posts"}],"about":[{"href":"https:\/\/www.hwv-ammerbuch.de\/index.php?rest_route=\/wp\/v2\/types\/post"}],"author":[{"embeddable":true,"href":"https:\/\/www.hwv-ammerbuch.de\/index.php?rest_route=\/wp\/v2\/users\/1"}],"replies":[{"embeddable":true,"href":"https:\/\/www.hwv-ammerbuch.de\/index.php?rest_route=%2Fwp%2Fv2%2Fcomments&post=2610"}],"version-history":[{"count":1,"href":"https:\/\/www.hwv-ammerbuch.de\/index.php?rest_route=\/wp\/v2\/posts\/2610\/revisions"}],"predecessor-version":[{"id":2612,"href":"https:\/\/www.hwv-ammerbuch.de\/index.php?rest_route=\/wp\/v2\/posts\/2610\/revisions\/2612"}],"wp:attachment":[{"href":"https:\/\/www.hwv-ammerbuch.de\/index.php?rest_route=%2Fwp%2Fv2%2Fmedia&parent=2610"}],"wp:term":[{"taxonomy":"category","embeddable":true,"href":"https:\/\/www.hwv-ammerbuch.de\/index.php?rest_route=%2Fwp%2Fv2%2Fcategories&post=2610"},{"taxonomy":"post_tag","embeddable":true,"href":"https:\/\/www.hwv-ammerbuch.de\/index.php?rest_route=%2Fwp%2Fv2%2Ftags&post=2610"}],"curies":[{"name":"wp","href":"https:\/\/api.w.org\/{rel}","templated":true}]}}