{"id":2602,"date":"2020-03-26T20:52:15","date_gmt":"2020-03-26T20:52:15","guid":{"rendered":"http:\/\/www.hwv-ammerbuch.de\/?p=2602"},"modified":"2023-02-04T20:26:58","modified_gmt":"2023-02-04T20:26:58","slug":"2602","status":"publish","type":"post","link":"https:\/\/www.hwv-ammerbuch.de\/?p=2602","title":{"rendered":""},"content":{"rendered":"\n<p class=\"has-medium-font-size\">Funde aus der Poltringer Ortsgeschichte \u2013 \u201eNeues Poltringer Heimatbuch \u2013 Vorbestellungen ab sofort m\u00f6glich\u201c<\/p>\n\n\n<div class=\"wp-block-image\">\n<figure class=\"alignleft is-resized\"><img loading=\"lazy\" decoding=\"async\" src=\"http:\/\/www.hwv-ammerbuch.de\/wp-content\/uploads\/2020\/03\/HWV-AG-Heimatbuch.jpg\" alt=\"\" class=\"wp-image-2603\" width=\"185\" height=\"231\" srcset=\"https:\/\/www.hwv-ammerbuch.de\/wp-content\/uploads\/2020\/03\/HWV-AG-Heimatbuch.jpg 609w, https:\/\/www.hwv-ammerbuch.de\/wp-content\/uploads\/2020\/03\/HWV-AG-Heimatbuch-240x300.jpg 240w\" sizes=\"auto, (max-width: 185px) 100vw, 185px\" \/><\/figure><\/div>\n\n\n<p>Ab Anfang April 2020 wird es ein neues Heimatbuch \u00fcber Poltringen geben. Kurzweilig und informativ sind die f\u00fcnfzig Texte aus der Poltringer Ortshistorie \u2013 sie reichen von der Eiszeit bis in die Gegenwart. Sie sind mit \u00fcber 70 Bildern und Karten versehen, die teilweise bisher unver\u00f6ffentlicht waren.<\/p>\n\n\n\n<p>Die Geschichten stammen aus einer Reihe von etwa 80 Artikeln, die zwischen 2018 und 2020 im Ammerbucher Amtsblatt erschienen sind und die f\u00fcr dieses Buch in vielen F\u00e4llen aktualisiert, erweitert und umfangreich in Farbe bebildert wurden. Autor der Geschichten ist Boris Dieter; Herausgeber des Buches ist der Heimat- und Wanderverein Ammerbuch e.V. (HWV).<\/p>\n\n\n\n<p>Das Buch erscheint aus Anlass des 50-j\u00e4hriges Jubil\u00e4ums des HWV in diesem Jahr. Aus dessen Sektion bzw. Arbeitsgemeinschaft \u201ePoltringer Heimatgeschichte\u201c sind viele der Artikel initiiert worden. Daher enth\u00e4lt das Buch auch einen interessanten \u00dcberblick \u00fcber ein halbes Jahrhundert HWV-Vereinsgeschichte. Der Erl\u00f6s des Buches unterst\u00fctzt die Vereinsarbeit des HWV.<\/p>\n\n\n\n<ul class=\"wp-block-list\">\n<li>Zum Preis von 20 EUR ist das Buch dann erh\u00e4ltlich bei:<\/li>\n\n\n\n<li>Postagentur Papier Kittel (Poltringer Hauptstr. 49)<\/li>\n\n\n\n<li>Ortsvorsteher Herr Hess im Poltringer Rathaus zu den Sprechzeiten (Poltringer Hauptstra\u00dfe 45)<\/li>\n\n\n\n<li>bei der 1. Vorsitzenden des HWV Margot Sailer (Pfalzgrafenring 5)<\/li>\n\n\n\n<li>in der Palmbergh\u00fctte zu den \u00d6ffnungszeiten<\/li>\n\n\n\n<li>oder beim Autor (Schickhardtring 15)<\/li>\n<\/ul>\n\n\n\n<p>Vorbestellungen, um sich eines der Exemplare zu sichern, k\u00f6nnen unter heimatgeschichte \u00e4t hwv-ammerbuch punkt de auch jetzt schon erfolgen.<\/p>\n\n\n\n<p class=\"has-text-align-right\">F\u00fcr die AG \u201ePoltringer Ortsgeschichte\u201c, Boris Dieter<\/p>\n","protected":false},"excerpt":{"rendered":"<p>Funde aus der Poltringer Ortsgeschichte \u2013 \u201eNeues Poltringer Heimatbuch \u2013 Vorbestellungen ab sofort m\u00f6glich\u201c Ab Anfang April 2020 wird es ein neues Heimatbuch \u00fcber Poltringen geben. Kurzweilig und informativ sind die f\u00fcnfzig Texte aus der Poltringer Ortshistorie \u2013 sie reichen von der Eiszeit bis in die Gegenwart. Sie sind mit \u00fcber 70 Bildern und KartenContinue reading &rarr;<\/p>\n","protected":false},"author":1,"featured_media":0,"comment_status":"closed","ping_status":"closed","sticky":false,"template":"","format":"standard","meta":{"footnotes":""},"categories":[12],"tags":[],"class_list":["post-2602","post","type-post","status-publish","format-standard","hentry","category-poltringer-heimatgeschichte","no-thumb"],"_links":{"self":[{"href":"https:\/\/www.hwv-ammerbuch.de\/index.php?rest_route=\/wp\/v2\/posts\/2602","targetHints":{"allow":["GET"]}}],"collection":[{"href":"https:\/\/www.hwv-ammerbuch.de\/index.php?rest_route=\/wp\/v2\/posts"}],"about":[{"href":"https:\/\/www.hwv-ammerbuch.de\/index.php?rest_route=\/wp\/v2\/types\/post"}],"author":[{"embeddable":true,"href":"https:\/\/www.hwv-ammerbuch.de\/index.php?rest_route=\/wp\/v2\/users\/1"}],"replies":[{"embeddable":true,"href":"https:\/\/www.hwv-ammerbuch.de\/index.php?rest_route=%2Fwp%2Fv2%2Fcomments&post=2602"}],"version-history":[{"count":2,"href":"https:\/\/www.hwv-ammerbuch.de\/index.php?rest_route=\/wp\/v2\/posts\/2602\/revisions"}],"predecessor-version":[{"id":2997,"href":"https:\/\/www.hwv-ammerbuch.de\/index.php?rest_route=\/wp\/v2\/posts\/2602\/revisions\/2997"}],"wp:attachment":[{"href":"https:\/\/www.hwv-ammerbuch.de\/index.php?rest_route=%2Fwp%2Fv2%2Fmedia&parent=2602"}],"wp:term":[{"taxonomy":"category","embeddable":true,"href":"https:\/\/www.hwv-ammerbuch.de\/index.php?rest_route=%2Fwp%2Fv2%2Fcategories&post=2602"},{"taxonomy":"post_tag","embeddable":true,"href":"https:\/\/www.hwv-ammerbuch.de\/index.php?rest_route=%2Fwp%2Fv2%2Ftags&post=2602"}],"curies":[{"name":"wp","href":"https:\/\/api.w.org\/{rel}","templated":true}]}}