{"id":260,"date":"2009-10-22T09:15:56","date_gmt":"2009-10-22T07:15:56","guid":{"rendered":"http:\/\/hwvammerbuch.wordpress.com\/?p=260"},"modified":"2021-01-16T19:33:54","modified_gmt":"2021-01-16T19:33:54","slug":"ruckblick-zum-jahresausflug-vom-18-20-09-2009","status":"publish","type":"post","link":"https:\/\/www.hwv-ammerbuch.de\/?p=260","title":{"rendered":"R\u00fcckblick zum Jahresausflug vom 18.- 20.09.2009"},"content":{"rendered":"<p>P\u00fcnktlich sind wir in Poltringen bzw. Oberndorf in Richtung \u00d6sterreich aufgebrochen. Leider hatten wir am Freitagnachmittag mit den Baustellen auf der Autobahn zu k\u00e4mpfen, so dass wir erst nach 20.00 Uhr unser Hotel im Bregenzerwald erreichten. Nach einem guten Abendessen, haben wir noch den Abend in dem sehr sch\u00f6nen Hotel ausklingen lassen. Am Samstag starteten wir planm\u00e4\u00dfig nach dem Fr\u00fchst\u00fcck unsere Bergtour. Bei herrlichem Sonnenschein und angenehmen Temperaturen waren sich alle Teilnehmer einig, die gro\u00dfe Tour ca. 6-7 Std mitzuwandern. Beginnend auf 1.830 m Seeh\u00f6he wanderten wir \u00fcber die Ugaalpe in Richtung des ersten Aufstieges, dem Hohen Licht und f\u00fcr eine kleine Gruppe ganz Ehrgeiziger war ein Abstecher zur Mittagspitze angesagt. Nach einem Kraftakt erreichten wir den Gipfel des Hochblanken auf 2.068 m. Dem h\u00f6chsten Punkt dieser Tour. Ab hier f\u00fchrte uns die Route Richtung Ragazer Blanken zum S\u00fcnserjoch (1.911 m). Immer dem Grat entlang Richtung der so genannten Sieben H\u00fcgel. Dann f\u00fchrte uns der Weg wieder Bergab zur Dam\u00fclser-Albe, die bereits vom Hotelmanagement vorgewarnt, mit einem frisch gebackenen Kuchen uns erwarteten. Am Sonntagmorgen machten wir uns nach dem Fr\u00fchst\u00fcck wieder auf die Heimreise. Ein kleiner Zwischenstopp auf den Diedamskopf (h\u00f6chster Berg im Bregenzerwald 2090mtr.) zum Alpengottesdienst musste noch sein. Anschlie\u00dfend beendeten wir am Parkplatz mit einem Glas Sekt den Aufenthalt in \u00d6sterreich und fuhren Richtung Poltringen. P\u00fcnktlich um 18.00Uhr waren wieder fast alle gesund und munter Zuhause angekommen.<\/p>\n<p>Wanderf\u00fchrer Gerold Sailer<\/p>\n","protected":false},"excerpt":{"rendered":"<p>P\u00fcnktlich sind wir in Poltringen bzw. Oberndorf in Richtung \u00d6sterreich aufgebrochen. Leider hatten wir am Freitagnachmittag mit den Baustellen auf der Autobahn zu k\u00e4mpfen, so dass wir erst nach 20.00 Uhr unser Hotel im Bregenzerwald erreichten. Nach einem guten Abendessen, haben wir noch den Abend in dem sehr sch\u00f6nen Hotel ausklingen lassen. Am Samstag startetenContinue reading &rarr;<\/p>\n","protected":false},"author":1,"featured_media":0,"comment_status":"closed","ping_status":"open","sticky":false,"template":"","format":"standard","meta":{"footnotes":""},"categories":[1],"tags":[],"class_list":["post-260","post","type-post","status-publish","format-standard","hentry","category-aktuelles","no-thumb"],"_links":{"self":[{"href":"https:\/\/www.hwv-ammerbuch.de\/index.php?rest_route=\/wp\/v2\/posts\/260","targetHints":{"allow":["GET"]}}],"collection":[{"href":"https:\/\/www.hwv-ammerbuch.de\/index.php?rest_route=\/wp\/v2\/posts"}],"about":[{"href":"https:\/\/www.hwv-ammerbuch.de\/index.php?rest_route=\/wp\/v2\/types\/post"}],"author":[{"embeddable":true,"href":"https:\/\/www.hwv-ammerbuch.de\/index.php?rest_route=\/wp\/v2\/users\/1"}],"replies":[{"embeddable":true,"href":"https:\/\/www.hwv-ammerbuch.de\/index.php?rest_route=%2Fwp%2Fv2%2Fcomments&post=260"}],"version-history":[{"count":1,"href":"https:\/\/www.hwv-ammerbuch.de\/index.php?rest_route=\/wp\/v2\/posts\/260\/revisions"}],"predecessor-version":[{"id":2728,"href":"https:\/\/www.hwv-ammerbuch.de\/index.php?rest_route=\/wp\/v2\/posts\/260\/revisions\/2728"}],"wp:attachment":[{"href":"https:\/\/www.hwv-ammerbuch.de\/index.php?rest_route=%2Fwp%2Fv2%2Fmedia&parent=260"}],"wp:term":[{"taxonomy":"category","embeddable":true,"href":"https:\/\/www.hwv-ammerbuch.de\/index.php?rest_route=%2Fwp%2Fv2%2Fcategories&post=260"},{"taxonomy":"post_tag","embeddable":true,"href":"https:\/\/www.hwv-ammerbuch.de\/index.php?rest_route=%2Fwp%2Fv2%2Ftags&post=260"}],"curies":[{"name":"wp","href":"https:\/\/api.w.org\/{rel}","templated":true}]}}