{"id":2574,"date":"2020-02-25T20:48:57","date_gmt":"2020-02-25T20:48:57","guid":{"rendered":"http:\/\/www.hwv-ammerbuch.de\/?p=2574"},"modified":"2020-02-25T20:48:57","modified_gmt":"2020-02-25T20:48:57","slug":"2574","status":"publish","type":"post","link":"https:\/\/www.hwv-ammerbuch.de\/?p=2574","title":{"rendered":""},"content":{"rendered":"\n<p class=\"has-medium-font-size\">H\u00fcttenbetrieb Dienstagstreff<\/p>\n\n\n\n<p>Der n\u00e4chste Dienstagstreff findet am 03.03.2020 ab 15:00 Uhr in der Palmbergh\u00fctte statt.<br>Auf viele gutgelaunte G\u00e4ste freuen sich Moni, Gabi und Wolfgang.<\/p>\n\n\n\n<p class=\"has-medium-font-size\">Einladung zur Jahreshauptversammlung<\/p>\n\n\n\n<p>Am Freitag 06.03.2020<br>In der Palmbergh\u00fctte Poltringen<br>Beginn: 20:00 Uhr<\/p>\n\n\n\n<p>Tagesordnung:<\/p>\n\n\n\n<ul class=\"wp-block-list\"><li>Begr\u00fc\u00dfung durch die 1. Vorsitzende und Bericht<\/li><li>Bericht der Kassiererin<\/li><li>Bericht der Kassenpr\u00fcferinnen<\/li><li>Bericht der Schriftf\u00fchrerin<\/li><li>Bericht des Jugendleiters<\/li><li>Bericht des H\u00fcttenwartes<\/li><li>Bericht der Kulturwartin Bericht des Wanderwartes<\/li><li>Bericht der Platzwartin<\/li><li>Entlastungen<\/li><li>Ehrungen<\/li><\/ul>\n\n\n\n<p>&#8211; Pause &#8211;<\/p>\n\n\n\n<ul class=\"wp-block-list\"><li> Neuwahlen<\/li><li> Antr\u00e4ge\/Verschiedenes<\/li><\/ul>\n\n\n\n<p>Antr\u00e4ge zur Tagesordnung sind bis sp\u00e4testens 27.02.2020 an die 1. Vorsitzende Margot Sailer zu richten.<\/p>\n\n\n\n<p style=\"text-align:right\">Katrin Flaisch | Schriftf\u00fchrerin<\/p>\n","protected":false},"excerpt":{"rendered":"<p>H\u00fcttenbetrieb Dienstagstreff Der n\u00e4chste Dienstagstreff findet am 03.03.2020 ab 15:00 Uhr in der Palmbergh\u00fctte statt.Auf viele gutgelaunte G\u00e4ste freuen sich Moni, Gabi und Wolfgang. Einladung zur Jahreshauptversammlung Am Freitag 06.03.2020In der Palmbergh\u00fctte PoltringenBeginn: 20:00 Uhr Tagesordnung: Begr\u00fc\u00dfung durch die 1. Vorsitzende und Bericht Bericht der Kassiererin Bericht der Kassenpr\u00fcferinnen Bericht der Schriftf\u00fchrerin Bericht des JugendleitersContinue reading &rarr;<\/p>\n","protected":false},"author":1,"featured_media":0,"comment_status":"closed","ping_status":"closed","sticky":false,"template":"","format":"standard","meta":{"footnotes":""},"categories":[1],"tags":[],"class_list":["post-2574","post","type-post","status-publish","format-standard","hentry","category-aktuelles","no-thumb"],"_links":{"self":[{"href":"https:\/\/www.hwv-ammerbuch.de\/index.php?rest_route=\/wp\/v2\/posts\/2574","targetHints":{"allow":["GET"]}}],"collection":[{"href":"https:\/\/www.hwv-ammerbuch.de\/index.php?rest_route=\/wp\/v2\/posts"}],"about":[{"href":"https:\/\/www.hwv-ammerbuch.de\/index.php?rest_route=\/wp\/v2\/types\/post"}],"author":[{"embeddable":true,"href":"https:\/\/www.hwv-ammerbuch.de\/index.php?rest_route=\/wp\/v2\/users\/1"}],"replies":[{"embeddable":true,"href":"https:\/\/www.hwv-ammerbuch.de\/index.php?rest_route=%2Fwp%2Fv2%2Fcomments&post=2574"}],"version-history":[{"count":1,"href":"https:\/\/www.hwv-ammerbuch.de\/index.php?rest_route=\/wp\/v2\/posts\/2574\/revisions"}],"predecessor-version":[{"id":2575,"href":"https:\/\/www.hwv-ammerbuch.de\/index.php?rest_route=\/wp\/v2\/posts\/2574\/revisions\/2575"}],"wp:attachment":[{"href":"https:\/\/www.hwv-ammerbuch.de\/index.php?rest_route=%2Fwp%2Fv2%2Fmedia&parent=2574"}],"wp:term":[{"taxonomy":"category","embeddable":true,"href":"https:\/\/www.hwv-ammerbuch.de\/index.php?rest_route=%2Fwp%2Fv2%2Fcategories&post=2574"},{"taxonomy":"post_tag","embeddable":true,"href":"https:\/\/www.hwv-ammerbuch.de\/index.php?rest_route=%2Fwp%2Fv2%2Ftags&post=2574"}],"curies":[{"name":"wp","href":"https:\/\/api.w.org\/{rel}","templated":true}]}}