{"id":2554,"date":"2020-02-11T21:15:01","date_gmt":"2020-02-11T21:15:01","guid":{"rendered":"http:\/\/www.hwv-ammerbuch.de\/?p=2554"},"modified":"2023-02-04T20:28:28","modified_gmt":"2023-02-04T20:28:28","slug":"2554","status":"publish","type":"post","link":"https:\/\/www.hwv-ammerbuch.de\/?p=2554","title":{"rendered":""},"content":{"rendered":"\n<p class=\"has-medium-font-size\">Funde aus der Poltringer Ortsgeschichte \u2013 \u201eKindesentf\u00fchrung\u201c<\/p>\n\n\n\n<p>Am 17. Februar 1998 wurde die siebenj\u00e4hrige Sharon aus Poltringen von ihrem eigenen nichtehelichen Vater, Wilfried H., entf\u00fchrt. Die Mutter, die Krankenschwester Ines K., suchte in ihrer Verzweiflung Hilfe bei der Elterninitiative &#8222;Vermisste Kinder&#8220; in Hamburg. Ein Foto der kleinen Sharon wurde auf der Internetseite www.initiative-vermisste-kinder.de ver\u00f6ffentlicht.<\/p>\n\n\n\n<p>Im Mai 1999 meldete sich ein Mann aus San Carlo, Mexiko, der das Kind bei seinen Nachbarn erkannt hatte. Die Polizei wurde eingeschaltet, Verbindungen zur deutschen Botschaft in Mexiko hergestellt. \u00dcber einen Privatdetektiv nahm Ines K. Kontakt zu dem ProSieben-Reporter Bernd Liesert auf. Der Fernsehsender Pro Sieben meldete Interesse und \u00fcbernahm die Flugkosten f\u00fcr die Mutter nach S\u00fcdamerika. Zusammen mit dem Reporter und einem Kameramann flog die Mutter nach Mexiko, um ihre Tochter zu befreien. Eine Ausstrahlung der Reportage erfolgte im TV Magazin SAM am 23., 24. und 25.06.1999 jeweils um 13:30 Uhr.<\/p>\n\n\n\n<p>Dann wurde es noch einmal richtig dramatisch&#8220;, erz\u00e4hlt Monika Bruhns von der Elterninitiative. &#8222;Am Freitag wollte Ines fliegen. Aber am Donnerstag erhielten wir die E-Mail, dass der Vater gefl\u00fcchtet sei. Mit Hilfe der Polizei wurde er vorl\u00e4ufig festgehalten. Bei der Gegen\u00fcberstellung mit der Mutter seiner Tochter behauptete er, dass er diese Frau nie gesehen habe. Erst mit Hilfe zahlreicher Dokumente konnte nachgewiesen werden, dass Sharon zu Ines geh\u00f6rt.&#8220;<\/p>\n\n\n\n<p>Der Vater, in Deutschland bereits per Haftbefehl gesucht, wurde von der mexikanischen Polizei an Ort und Stelle zusammen mit seiner Lebensgef\u00e4hrtin verhaftet. Seine Passangaben sowie die seiner Freundin waren gef\u00e4lscht, auch das Kind lebte unter falschem Namen. Wilfried H. wurde am 19. Juni 1999 nach Deutschland ausgeliefert und dem Haftrichter vorgef\u00fchrt. Sharon lebte dann wieder bei ihrer Mutter.<\/p>\n\n\n\n<p>Quellen: Hamburger Abendblatt vom 22.06.1999 und Golem.de vom 20.06.1999<\/p>\n\n\n\n<p>Wer hierzu vertiefende Informationen beitragen kann oder andere Geschichten als \u201eFundst\u00fccke\u201c beitragen m\u00f6chte, kann sich gerne bei unserer AG melden (heimatgeschichte \u00e4t hwv-ammerbuch punkt de).<\/p>\n\n\n\n<p class=\"has-text-align-right\">F\u00fcr die AG \u201ePoltringer Ortsgeschichte\u201c, Boris Dieter<\/p>\n","protected":false},"excerpt":{"rendered":"<p>Funde aus der Poltringer Ortsgeschichte \u2013 \u201eKindesentf\u00fchrung\u201c Am 17. Februar 1998 wurde die siebenj\u00e4hrige Sharon aus Poltringen von ihrem eigenen nichtehelichen Vater, Wilfried H., entf\u00fchrt. Die Mutter, die Krankenschwester Ines K., suchte in ihrer Verzweiflung Hilfe bei der Elterninitiative &#8222;Vermisste Kinder&#8220; in Hamburg. Ein Foto der kleinen Sharon wurde auf der Internetseite www.initiative-vermisste-kinder.de ver\u00f6ffentlicht. ImContinue reading &rarr;<\/p>\n","protected":false},"author":1,"featured_media":0,"comment_status":"closed","ping_status":"closed","sticky":false,"template":"","format":"standard","meta":{"footnotes":""},"categories":[12],"tags":[],"class_list":["post-2554","post","type-post","status-publish","format-standard","hentry","category-poltringer-heimatgeschichte","no-thumb"],"_links":{"self":[{"href":"https:\/\/www.hwv-ammerbuch.de\/index.php?rest_route=\/wp\/v2\/posts\/2554","targetHints":{"allow":["GET"]}}],"collection":[{"href":"https:\/\/www.hwv-ammerbuch.de\/index.php?rest_route=\/wp\/v2\/posts"}],"about":[{"href":"https:\/\/www.hwv-ammerbuch.de\/index.php?rest_route=\/wp\/v2\/types\/post"}],"author":[{"embeddable":true,"href":"https:\/\/www.hwv-ammerbuch.de\/index.php?rest_route=\/wp\/v2\/users\/1"}],"replies":[{"embeddable":true,"href":"https:\/\/www.hwv-ammerbuch.de\/index.php?rest_route=%2Fwp%2Fv2%2Fcomments&post=2554"}],"version-history":[{"count":3,"href":"https:\/\/www.hwv-ammerbuch.de\/index.php?rest_route=\/wp\/v2\/posts\/2554\/revisions"}],"predecessor-version":[{"id":3002,"href":"https:\/\/www.hwv-ammerbuch.de\/index.php?rest_route=\/wp\/v2\/posts\/2554\/revisions\/3002"}],"wp:attachment":[{"href":"https:\/\/www.hwv-ammerbuch.de\/index.php?rest_route=%2Fwp%2Fv2%2Fmedia&parent=2554"}],"wp:term":[{"taxonomy":"category","embeddable":true,"href":"https:\/\/www.hwv-ammerbuch.de\/index.php?rest_route=%2Fwp%2Fv2%2Fcategories&post=2554"},{"taxonomy":"post_tag","embeddable":true,"href":"https:\/\/www.hwv-ammerbuch.de\/index.php?rest_route=%2Fwp%2Fv2%2Ftags&post=2554"}],"curies":[{"name":"wp","href":"https:\/\/api.w.org\/{rel}","templated":true}]}}