{"id":2552,"date":"2020-02-06T21:13:32","date_gmt":"2020-02-06T21:13:32","guid":{"rendered":"http:\/\/www.hwv-ammerbuch.de\/?p=2552"},"modified":"2020-02-15T21:14:29","modified_gmt":"2020-02-15T21:14:29","slug":"2552","status":"publish","type":"post","link":"https:\/\/www.hwv-ammerbuch.de\/?p=2552","title":{"rendered":""},"content":{"rendered":"\n<p class=\"has-medium-font-size\">Arbeitseins\u00e4tze<\/p>\n\n\n\n<p>Am Samstag 15.02.2020 treffen wir uns um 9:00 Uhr auf dem Palmberg bei den Garagen zu Vorbereitungsarbeiten f\u00fcr den PFC Umzug am Sonntag. Mit den Aufr\u00e4umungsarbeiten wollen wir am Montag 17.02.2020 um 15:00 Uhr beginnen. Auch dazu ist jede helfende Hand herzlich willkommen.<\/p>\n\n\n\n<p class=\"has-medium-font-size\">PFC Umzug am Sonntag 16.02.2020<\/p>\n\n\n\n<p>Der Verpflegungsstand des Heimat- und Wandervereins steht traditionsgem\u00e4\u00df, wieder gegen\u00fcber dem Rathaus in Poltringen. Dort bieten wir Schupfnudeln mit Kraut, hei\u00dfe Rote sowie Bier, Gl\u00fchwein, Punsch alkoholfrei, Kaffee und Sekt an. Das Standpersonal ist ab 9:00 Uhr zur Vorbereitung eingeteilt. Wir bewirten ab 11:00 Uhr.<\/p>\n\n\n\n<p style=\"text-align:right\">Katrin Flaisch | Schriftf\u00fchrerin <\/p>\n","protected":false},"excerpt":{"rendered":"<p>Arbeitseins\u00e4tze Am Samstag 15.02.2020 treffen wir uns um 9:00 Uhr auf dem Palmberg bei den Garagen zu Vorbereitungsarbeiten f\u00fcr den PFC Umzug am Sonntag. Mit den Aufr\u00e4umungsarbeiten wollen wir am Montag 17.02.2020 um 15:00 Uhr beginnen. Auch dazu ist jede helfende Hand herzlich willkommen. PFC Umzug am Sonntag 16.02.2020 Der Verpflegungsstand des Heimat- und WandervereinsContinue reading &rarr;<\/p>\n","protected":false},"author":1,"featured_media":0,"comment_status":"closed","ping_status":"closed","sticky":false,"template":"","format":"standard","meta":{"footnotes":""},"categories":[1],"tags":[],"class_list":["post-2552","post","type-post","status-publish","format-standard","hentry","category-aktuelles","no-thumb"],"_links":{"self":[{"href":"https:\/\/www.hwv-ammerbuch.de\/index.php?rest_route=\/wp\/v2\/posts\/2552","targetHints":{"allow":["GET"]}}],"collection":[{"href":"https:\/\/www.hwv-ammerbuch.de\/index.php?rest_route=\/wp\/v2\/posts"}],"about":[{"href":"https:\/\/www.hwv-ammerbuch.de\/index.php?rest_route=\/wp\/v2\/types\/post"}],"author":[{"embeddable":true,"href":"https:\/\/www.hwv-ammerbuch.de\/index.php?rest_route=\/wp\/v2\/users\/1"}],"replies":[{"embeddable":true,"href":"https:\/\/www.hwv-ammerbuch.de\/index.php?rest_route=%2Fwp%2Fv2%2Fcomments&post=2552"}],"version-history":[{"count":1,"href":"https:\/\/www.hwv-ammerbuch.de\/index.php?rest_route=\/wp\/v2\/posts\/2552\/revisions"}],"predecessor-version":[{"id":2553,"href":"https:\/\/www.hwv-ammerbuch.de\/index.php?rest_route=\/wp\/v2\/posts\/2552\/revisions\/2553"}],"wp:attachment":[{"href":"https:\/\/www.hwv-ammerbuch.de\/index.php?rest_route=%2Fwp%2Fv2%2Fmedia&parent=2552"}],"wp:term":[{"taxonomy":"category","embeddable":true,"href":"https:\/\/www.hwv-ammerbuch.de\/index.php?rest_route=%2Fwp%2Fv2%2Fcategories&post=2552"},{"taxonomy":"post_tag","embeddable":true,"href":"https:\/\/www.hwv-ammerbuch.de\/index.php?rest_route=%2Fwp%2Fv2%2Ftags&post=2552"}],"curies":[{"name":"wp","href":"https:\/\/api.w.org\/{rel}","templated":true}]}}