{"id":2550,"date":"2020-02-06T21:12:47","date_gmt":"2020-02-06T21:12:47","guid":{"rendered":"http:\/\/www.hwv-ammerbuch.de\/?p=2550"},"modified":"2023-02-04T20:28:39","modified_gmt":"2023-02-04T20:28:39","slug":"2550","status":"publish","type":"post","link":"https:\/\/www.hwv-ammerbuch.de\/?p=2550","title":{"rendered":""},"content":{"rendered":"\n<p class=\"has-medium-font-size\">Funde aus der Poltringer Ortsgeschichte \u2013 \u201eFindelkind in Poltringen\u201c<\/p>\n\n\n\n<p>In der Nacht des 8. November 1984 fand eine Poltringer Familie um 4:30 Uhr auf der Treppe ihres Hauses in der Poltringer Hauptstra\u00dfe bei der St. Stephanus-Kirche ein in einen grauen Plastikm\u00fcllsack eingewickelten S\u00e4ugling. Da die Mutter vermutlich wollte, dass ihr Baby gefunden wird, hatte sie die Bewohner bei der Aussetzung durch ein langanhaltendes Klingeln an der T\u00fcr geweckt.<\/p>\n\n\n\n<p>Der m\u00e4nnliche Findling mit dunklerer Hautfarbe war zu diesem Zeitpunkt zwischen sechs und 24 Stunden alt, wog 3.000 Gramm und ma\u00df 50 Zentimeter. Es wurde vermutet, dass die \u201eKindesaussetzerin\u201c in einem \u201estreng religi\u00f6s-moralischen Milieu\u201c verwurzelt sein k\u00f6nnte. Darauf deutete auch der Zustand des Baby-Nabels hin. Das Kind wurde wahrscheinlich ohne \u00e4rztliche Hilfe zur Welt gebracht. Sp\u00e4tere Untersuchungen ergaben, dass der Kindsvater aus Nordafrika stammen k\u00f6nnte.<\/p>\n\n\n\n<p>Das Baby kam in eine Pflegefamilie und wurde sp\u00e4ter, nachdem erfolglos ein Jahr Ermittlungen zu den leiblichen Eltern stattfanden, von einer wohlhabenden Familie im Gro\u00dfraum M\u00fcnchen adoptiert.<\/p>\n\n\n\n<p>Aus: http:\/\/www.vaeternotruf.de\/findelkind.htm<\/p>\n\n\n\n<p>Wer hierzu vertiefende Informationen beitragen kann oder andere Geschichten als \u201eFundst\u00fccke\u201c beitragen m\u00f6chte, kann sich gerne bei unserer AG melden (heimatgeschichte \u00e4t hwv-ammerbuch punkt de).<\/p>\n\n\n\n<p class=\"has-text-align-right\">F\u00fcr die AG \u201ePoltringer Ortsgeschichte\u201c, Boris Dieter<\/p>\n","protected":false},"excerpt":{"rendered":"<p>Funde aus der Poltringer Ortsgeschichte \u2013 \u201eFindelkind in Poltringen\u201c In der Nacht des 8. November 1984 fand eine Poltringer Familie um 4:30 Uhr auf der Treppe ihres Hauses in der Poltringer Hauptstra\u00dfe bei der St. Stephanus-Kirche ein in einen grauen Plastikm\u00fcllsack eingewickelten S\u00e4ugling. Da die Mutter vermutlich wollte, dass ihr Baby gefunden wird, hatte sieContinue reading &rarr;<\/p>\n","protected":false},"author":1,"featured_media":0,"comment_status":"closed","ping_status":"closed","sticky":false,"template":"","format":"standard","meta":{"footnotes":""},"categories":[12],"tags":[],"class_list":["post-2550","post","type-post","status-publish","format-standard","hentry","category-poltringer-heimatgeschichte","no-thumb"],"_links":{"self":[{"href":"https:\/\/www.hwv-ammerbuch.de\/index.php?rest_route=\/wp\/v2\/posts\/2550","targetHints":{"allow":["GET"]}}],"collection":[{"href":"https:\/\/www.hwv-ammerbuch.de\/index.php?rest_route=\/wp\/v2\/posts"}],"about":[{"href":"https:\/\/www.hwv-ammerbuch.de\/index.php?rest_route=\/wp\/v2\/types\/post"}],"author":[{"embeddable":true,"href":"https:\/\/www.hwv-ammerbuch.de\/index.php?rest_route=\/wp\/v2\/users\/1"}],"replies":[{"embeddable":true,"href":"https:\/\/www.hwv-ammerbuch.de\/index.php?rest_route=%2Fwp%2Fv2%2Fcomments&post=2550"}],"version-history":[{"count":3,"href":"https:\/\/www.hwv-ammerbuch.de\/index.php?rest_route=\/wp\/v2\/posts\/2550\/revisions"}],"predecessor-version":[{"id":3003,"href":"https:\/\/www.hwv-ammerbuch.de\/index.php?rest_route=\/wp\/v2\/posts\/2550\/revisions\/3003"}],"wp:attachment":[{"href":"https:\/\/www.hwv-ammerbuch.de\/index.php?rest_route=%2Fwp%2Fv2%2Fmedia&parent=2550"}],"wp:term":[{"taxonomy":"category","embeddable":true,"href":"https:\/\/www.hwv-ammerbuch.de\/index.php?rest_route=%2Fwp%2Fv2%2Fcategories&post=2550"},{"taxonomy":"post_tag","embeddable":true,"href":"https:\/\/www.hwv-ammerbuch.de\/index.php?rest_route=%2Fwp%2Fv2%2Ftags&post=2550"}],"curies":[{"name":"wp","href":"https:\/\/api.w.org\/{rel}","templated":true}]}}