{"id":2507,"date":"2020-01-14T20:05:45","date_gmt":"2020-01-14T20:05:45","guid":{"rendered":"http:\/\/www.hwv-ammerbuch.de\/?p=2507"},"modified":"2023-02-04T20:29:08","modified_gmt":"2023-02-04T20:29:08","slug":"2507","status":"publish","type":"post","link":"https:\/\/www.hwv-ammerbuch.de\/?p=2507","title":{"rendered":""},"content":{"rendered":"\n<p class=\"has-medium-font-size\">Funde aus der Poltringer Ortsgeschichte \u2013 \u201eDie R\u00f6merstra\u00dfe in Poltringen\u201c<\/p>\n\n\n\n<p>Durch die Poltringer Gemarkung f\u00fchrt eine R\u00f6merstra\u00dfe, welche die r\u00f6mischen Zivilst\u00e4dte&nbsp;<strong>Sumelocenna&nbsp;<\/strong>\/ Nicer (Rottenburg bzw. S\u00fclchen \/ Neckar) mit&nbsp;<strong>Portus&nbsp;<\/strong>\/ Antina (Pforzheim \/ Enz) verband. Die Stra\u00dfe f\u00fchrte gradlinig von Rottenburg kommend an Wurmlingen vorbei nach Unterjesingen \/ Pf\u00e4ffingen, wo sie einen scharfen Knick Richtung Westen macht und dann unter den heutigen Stra\u00dfen \u201eIm Sch\u00f6nblick\u201c und \u201eZiegel\u00e4ckerstra\u00dfe\u201c auf der Hochebene schnurgerade durch Poltringen Richtung Altingen f\u00fchrt. Auf H\u00f6he des Pferdehofes Schmid und des T\u00fcrlesbronnw\u00e4ldchen passierte sie damals r\u00f6mische Gutsh\u00f6fe (Villa Rustica). In der Verl\u00e4ngerung nach Osten f\u00fchrte die Stra\u00dfe weiter nach&nbsp;<strong>Grinario<\/strong>&nbsp;(K\u00f6ngen), einem Milit\u00e4rlager und Zivilort (Vicus).<\/p>\n\n\n\n<figure class=\"wp-block-image\"><img loading=\"lazy\" decoding=\"async\" width=\"733\" height=\"659\" src=\"http:\/\/www.hwv-ammerbuch.de\/wp-content\/uploads\/2020\/01\/HWV-AG-Roemerstra\u00dfe.jpg\" alt=\"\" class=\"wp-image-2508\" srcset=\"https:\/\/www.hwv-ammerbuch.de\/wp-content\/uploads\/2020\/01\/HWV-AG-Roemerstra\u00dfe.jpg 733w, https:\/\/www.hwv-ammerbuch.de\/wp-content\/uploads\/2020\/01\/HWV-AG-Roemerstra\u00dfe-300x270.jpg 300w, https:\/\/www.hwv-ammerbuch.de\/wp-content\/uploads\/2020\/01\/HWV-AG-Roemerstra\u00dfe-334x300.jpg 334w\" sizes=\"auto, (max-width: 733px) 100vw, 733px\" \/><figcaption class=\"wp-element-caption\"> <em>Wandkarte aus dem R\u00f6mermuseum Rottenburg<\/em> <\/figcaption><\/figure>\n\n\n\n<p>R\u00f6mische Stra\u00dfen waren immer m\u00f6glichst geradlinig und steigungsfrei gef\u00fchrt und vorzugweise auf der H\u00f6he und nicht in den sumpfigen Talgr\u00fcnden angelegt, wo auch eine gradlinige Anlage schwierig gewesen w\u00e4re. Die Stra\u00dfe war keine milit\u00e4risch bedeutsame und voll ausgebaute Hauptverbindung, aber eine wichtige regionale Route. Die wichtige Hauptroute f\u00fchrte vom Legionslager Argentorate \/ Rhenus (Stra\u00dfburg \/ Rhein) und Vindonissa (Windisch \/ CH) zum Limes oder nach Castra Regina \/ Danubius (Regensburg \/ Donau) durch Sumelocenna, aber nicht durch Poltringen.<\/p>\n\n\n\n<p>Vor den r\u00f6mischen Stra\u00dfen gab es in unserer Region keine Stra\u00dfen im engeren Sinne. Die Trassen der r\u00f6mischen Stra\u00dfen erhielten sich aber \u00fcber Jahrhunderte und sind selbst heute nach ma\u00dfgeblich f\u00fcr moderne Stra\u00dfenf\u00fchrungen. Zudem kann man an den vorgenannten Orts- und Flussnamen teilweise eine interessante 2000 j\u00e4hrige Kontinuit\u00e4t der Benennung erkennen.<\/p>\n\n\n\n<p>Wer hierzu vertiefende Informationen beitragen kann oder andere Geschichten als \u201eFundst\u00fccke\u201c beitragen m\u00f6chte, kann sich gerne bei unserer AG melden (heimatgeschichte \u00e4t hwv-ammerbuch punkt de).<\/p>\n\n\n\n<p class=\"has-text-align-right\">F\u00fcr die AG \u201ePoltringer Ortsgeschichte\u201c, Boris Dieter<\/p>\n","protected":false},"excerpt":{"rendered":"<p>Funde aus der Poltringer Ortsgeschichte \u2013 \u201eDie R\u00f6merstra\u00dfe in Poltringen\u201c Durch die Poltringer Gemarkung f\u00fchrt eine R\u00f6merstra\u00dfe, welche die r\u00f6mischen Zivilst\u00e4dte&nbsp;Sumelocenna&nbsp;\/ Nicer (Rottenburg bzw. S\u00fclchen \/ Neckar) mit&nbsp;Portus&nbsp;\/ Antina (Pforzheim \/ Enz) verband. Die Stra\u00dfe f\u00fchrte gradlinig von Rottenburg kommend an Wurmlingen vorbei nach Unterjesingen \/ Pf\u00e4ffingen, wo sie einen scharfen Knick Richtung Westen machtContinue reading &rarr;<\/p>\n","protected":false},"author":1,"featured_media":0,"comment_status":"closed","ping_status":"closed","sticky":false,"template":"","format":"standard","meta":{"footnotes":""},"categories":[12],"tags":[],"class_list":["post-2507","post","type-post","status-publish","format-standard","hentry","category-poltringer-heimatgeschichte","no-thumb"],"_links":{"self":[{"href":"https:\/\/www.hwv-ammerbuch.de\/index.php?rest_route=\/wp\/v2\/posts\/2507","targetHints":{"allow":["GET"]}}],"collection":[{"href":"https:\/\/www.hwv-ammerbuch.de\/index.php?rest_route=\/wp\/v2\/posts"}],"about":[{"href":"https:\/\/www.hwv-ammerbuch.de\/index.php?rest_route=\/wp\/v2\/types\/post"}],"author":[{"embeddable":true,"href":"https:\/\/www.hwv-ammerbuch.de\/index.php?rest_route=\/wp\/v2\/users\/1"}],"replies":[{"embeddable":true,"href":"https:\/\/www.hwv-ammerbuch.de\/index.php?rest_route=%2Fwp%2Fv2%2Fcomments&post=2507"}],"version-history":[{"count":2,"href":"https:\/\/www.hwv-ammerbuch.de\/index.php?rest_route=\/wp\/v2\/posts\/2507\/revisions"}],"predecessor-version":[{"id":3005,"href":"https:\/\/www.hwv-ammerbuch.de\/index.php?rest_route=\/wp\/v2\/posts\/2507\/revisions\/3005"}],"wp:attachment":[{"href":"https:\/\/www.hwv-ammerbuch.de\/index.php?rest_route=%2Fwp%2Fv2%2Fmedia&parent=2507"}],"wp:term":[{"taxonomy":"category","embeddable":true,"href":"https:\/\/www.hwv-ammerbuch.de\/index.php?rest_route=%2Fwp%2Fv2%2Fcategories&post=2507"},{"taxonomy":"post_tag","embeddable":true,"href":"https:\/\/www.hwv-ammerbuch.de\/index.php?rest_route=%2Fwp%2Fv2%2Ftags&post=2507"}],"curies":[{"name":"wp","href":"https:\/\/api.w.org\/{rel}","templated":true}]}}