{"id":2501,"date":"2020-01-14T21:02:55","date_gmt":"2020-01-14T21:02:55","guid":{"rendered":"http:\/\/www.hwv-ammerbuch.de\/?p=2501"},"modified":"2023-02-04T20:28:58","modified_gmt":"2023-02-04T20:28:58","slug":"2501","status":"publish","type":"post","link":"https:\/\/www.hwv-ammerbuch.de\/?p=2501","title":{"rendered":""},"content":{"rendered":"\n<p class=\"has-medium-font-size\">Funde aus der Poltringer Ortsgeschichte \u2013 \u201eAuswanderung\u201c<\/p>\n\n\n\n<figure class=\"wp-block-image\"><img loading=\"lazy\" decoding=\"async\" width=\"1024\" height=\"657\" src=\"http:\/\/www.hwv-ammerbuch.de\/wp-content\/uploads\/2020\/01\/HWV-AG-Auswanderung-1024x657.jpg\" alt=\"\" class=\"wp-image-2502\" srcset=\"https:\/\/www.hwv-ammerbuch.de\/wp-content\/uploads\/2020\/01\/HWV-AG-Auswanderung-1024x657.jpg 1024w, https:\/\/www.hwv-ammerbuch.de\/wp-content\/uploads\/2020\/01\/HWV-AG-Auswanderung-300x192.jpg 300w, https:\/\/www.hwv-ammerbuch.de\/wp-content\/uploads\/2020\/01\/HWV-AG-Auswanderung-768x492.jpg 768w, https:\/\/www.hwv-ammerbuch.de\/wp-content\/uploads\/2020\/01\/HWV-AG-Auswanderung-468x300.jpg 468w, https:\/\/www.hwv-ammerbuch.de\/wp-content\/uploads\/2020\/01\/HWV-AG-Auswanderung.jpg 1140w\" sizes=\"auto, (max-width: 1024px) 100vw, 1024px\" \/><figcaption class=\"wp-element-caption\"> <em>Verschiffungskontrakt f\u00fcr 52 Auswanderer von M\u00f6ssingen von Heilbronn \u00fcber Rotterdam nach New York von 1852<\/em> <\/figcaption><\/figure>\n\n\n\n<p>Im 19. Jahrhundert gab es im gr\u00f6\u00dferen Umfang Auswanderungen aus Poltringen und in ganz Deutschland vor allem ab den 1840er Jahren Richtung Nordamerika. Vorher waren die Ziele der Auswanderung eher in Europa. Die Gr\u00fcnde waren fast immer wirtschaftliche Not. Diese Entwicklung endet dann mit dem dt.-frz. Krieg und der Gr\u00fcndung des Dt. Kaiserreiches 1870\/71. Genannt ist meist nur das Familienoberhaupt, hinter jedem untenstehenden Namen stehen aber oft noch mehrere Familienangeh\u00f6rige. Bewilligt wurde die Auswanderung erst, wenn alle Schulden bezahlt waren und bei M\u00e4nnern der Wehrdienst abgeleistet war.<\/p>\n\n\n\n<ul class=\"wp-block-list\">\n<li><strong>Matth\u00e4us Rausch<\/strong>, Bauer (*1778; 1816 &#8211; Niederlande, Den Haag)<\/li>\n\n\n\n<li> <strong>Leo Kittel<\/strong>&nbsp;(1833 &#8211; \u00d6sterreich, Wagrain \/ Ungenach-Geretsberg) <\/li>\n\n\n\n<li><strong>Dominikus Klaiber<\/strong>&nbsp;(1834 &#8211; Ungarn)<\/li>\n\n\n\n<li><strong>Silvester Klaiber<\/strong>&nbsp;(1834 &#8211; Ungarn)<\/li>\n\n\n\n<li><strong>Kreszentia &amp; Andreas Bizenberger,&nbsp;<\/strong>Kinder 14 &amp; 12 Jahre alt (B\u00f6hmen, K\u00f6nigsberg)<\/li>\n\n\n\n<li><strong>Franz Peter Biesinger<\/strong>, Schreiner (*1814; 1840 &#8211; Nordamerika, Louisiana)<\/li>\n\n\n\n<li><strong>Johann Baptist Wiesenfath<\/strong>, Scherenschleifer (Amerika)<\/li>\n\n\n\n<li><strong>Augustin &amp; Rosa Keller<\/strong>&nbsp;(Amerika)<\/li>\n\n\n\n<li><strong>Josef &amp; Franziska Sailer<\/strong>&nbsp;(Amerika)<\/li>\n\n\n\n<li><strong>Simon Kittel<\/strong>, Stricker (*1798; 1847 &#8211; Nordamerika)<\/li>\n\n\n\n<li><strong>Augustin Keller<\/strong>, Maurer, mit 9 Kindern (1848 &#8211; Nordamerika) <\/li>\n\n\n\n<li><strong>Joseph Sailer<\/strong>, Schuhmacher, mit 8 Kindern (1848 &#8211; Nordamerika)<\/li>\n\n\n\n<li><strong>Alexander von Kisfaludi<\/strong>, unehelicher Sohn der Maximiliane v. Kisfaludi geb. Freiin v. Ulm, (*1831; 1848 \u2013 \u00d6sterreich, Wien), Auswanderung und geplanter Eintritt in die k. k. Armee endeten erfolglos, am 30.12.1848 stellt sein Pfleger, Revierf\u00f6rster Belthle aus Entringen, fest: &#8222;Mein Pflegling ist ein Mensch, an dem alle bisherigen Bem\u00fchungen, ihn zu einer geordneten Bestimmung vorzubereiten, fehlschlugen&#8230; Auch die Hoffnung (ihn in Wien unterzubringen) scheint bei dem ganz leichtsinnigen jungen Menschen nicht in Erf\u00fcllung zu gehen, und es bleibt daher nichts \u00fcbrig als da\u00df er in seine Heimat zur\u00fcck- kehre&#8230; Daher Bitte an Magistrat zu Wien, da\u00df man den Menschen mit Laufpa\u00df nach Hause weise, (wobei) ich mich verbindlich mache, zu diesem Zwecke 120 fl Reisegeld zu senden, adressiert an den Magistrat in Wien.&#8220;<\/li>\n\n\n\n<li><strong>Johannes Sailer<\/strong>, Bauer (*1825; 1849 &#8211; Nordamerika, Michigan)<\/li>\n\n\n\n<li><strong>Anton Schaible<\/strong>, Bauer (1851 &#8211; Nordamerika)<\/li>\n\n\n\n<li><strong>Michael Schmid<\/strong>, Gastgeber (*1834; 1851 \u2013 Ungarn, Pest)<\/li>\n\n\n\n<li><strong>Barbara Wellh\u00e4user<\/strong>&nbsp;mit unehelichem Sohn (*1816; 1852 &#8211; Nordamerika)<\/li>\n\n\n\n<li><strong>Rochus Pfeffer<\/strong>, Zimmermannsmeister (1852 &#8211; Nordamerika)<\/li>\n\n\n\n<li><strong>Johanna Nortz<\/strong>, Dienstmagd, mit unehelicher Tochter (1853 &#8211; Nordamerika)<\/li>\n\n\n\n<li><strong>Wolfgang Harr<\/strong>, Zimmermann (1853 &#8211; Nordamerika, Detroit)<\/li>\n\n\n\n<li><strong>Lydwina Keller<\/strong>&nbsp;mit unehelicher Tochter (*1823; 1853 &#8211; Nordamerika)<\/li>\n\n\n\n<li><strong>Johannes Roll<\/strong>, Zimmermann und M\u00fchlenbauer (*1813; 1853 &#8211; Nordamerika)<\/li>\n\n\n\n<li><strong>Josephine Roll<\/strong>&nbsp;(*1837; 1854 &#8211; Nordamerika) <\/li>\n\n\n\n<li><strong>Regina Roll<\/strong>&nbsp;(*1833; 1854 &#8211; Nordamerika)<\/li>\n\n\n\n<li><strong>Ignaz Fritz<\/strong>, Soldat\/Reiter, fr\u00fcher Bauer (*1815; 1854 &#8211; Nordamerika)<\/li>\n\n\n\n<li><strong>Joseph Fritz<\/strong>&nbsp;(*1814; 1854 &#8211; Nordamerika), Auswanderung wurde erst bewilligt nachdem sich Theresia Sailer und Maria Biesinger aus Oberndorf bez\u00fcglich deren Alimentenforderungen als abgefunden erkl\u00e4rt hatten<\/li>\n\n\n\n<li><strong>Florian Wellh\u00e4user<\/strong>, Bauer (*1834; 1854 &#8211; Nordamerika)<\/li>\n\n\n\n<li><strong>Konrad Schiebel<\/strong>, Bauer, mit 6 Kindern (*1787; 1854 &#8211; Nordamerika)<\/li>\n\n\n\n<li><strong>Constantin Sailer<\/strong>&nbsp;(1854 &#8211; Amerika)<\/li>\n\n\n\n<li><strong>Albert Sailer<\/strong>&nbsp;(*1838; 1855 &#8211; Australien)<\/li>\n\n\n\n<li><strong>Andreas Sailer<\/strong>, Schreiner (*1835; 1855 &#8211; Australien)<\/li>\n\n\n\n<li><strong>Ludwig Lay<\/strong>&nbsp;(*1840; 1855 &#8211; Nordamerika)<\/li>\n\n\n\n<li><strong>Ignaz Wellh\u00e4user<\/strong>, Maurer und Steinhauer (*1837; 1857 &#8211; Nordamerika)<\/li>\n\n\n\n<li><strong>Vinzenz Bizenberger<\/strong>, Leinenweber (*1819; 1860 &#8211; Nordamerika)<\/li>\n\n\n\n<li><strong>Franziska Rausch<\/strong>&nbsp;(*1844; 1860 &#8211; Nordamerika)<\/li>\n\n\n\n<li><strong>Stephan Sailer<\/strong>, Bauer (1860 &#8211; Amerika)<\/li>\n\n\n\n<li><strong>Thomas Biesinger<\/strong>, Schneider (*1819; 1861 &#8211; Nordamerika)<\/li>\n\n\n\n<li><strong>Clemens Bizenberger<\/strong>, Veterin\u00e4r (*1838; 1865 &#8211; Frankreich, Beblenheim \/ Kaysersberg)<\/li>\n\n\n\n<li><strong>Constantin &amp; Dorothea Mathilde Haar<\/strong>, Schuhmacher (*1835; 1866 \u2013 Nordamerika, New York)<\/li>\n\n\n\n<li><strong>Thaddae Schaible<\/strong>, Posthalter (Amerika, Michigan)<\/li>\n\n\n\n<li><strong>Katharina Ammann<\/strong>&nbsp;(*1831; 1868 \u2013 Schweiz, Genf \/ Petit Lancy)<\/li>\n\n\n\n<li><strong>Rosa Sailer<\/strong>&nbsp;(*1846; 1868 &#8211; Nordamerika, New York)<\/li>\n\n\n\n<li><strong>Theresia Rausch<\/strong>&nbsp;(1868)<\/li>\n\n\n\n<li><strong>Johann Baptist Eipper<\/strong>, Tagl\u00f6hner (*1849; 1869 &#8211; Nordamerika, New Orleans)<\/li>\n\n\n\n<li><strong>Josef Sailer<\/strong>, Schuhmacher (*1847; 1869 &#8211; Nordamerika, New Orleans)<\/li>\n\n\n\n<li><strong>Josephine Heh<\/strong>&nbsp;(1869 &#8211; Amerika)<\/li>\n\n\n\n<li><strong>Karl Sailer<\/strong>, B\u00e4cker (*1851; 1869 &#8211; Amerika)<\/li>\n\n\n\n<li><strong>Theresia Wellh\u00e4user<\/strong>&nbsp;(*1836; 1870 &#8211; Nordamerika)<\/li>\n\n\n\n<li><strong>Marie Wolpert<\/strong>&nbsp;(19. Jh. &#8211; T\u00fcrkei, \u00c4gypten, Istambul, Alexandrien), Bericht des Oberamt an K. Min. der ausw\u00e4rt. Angelegenheiten vom 23.5. 1872 betr. Bitte des Mechanikus Dollinger, Assistent am physikal. Kabinett der Universit\u00e4t T\u00fcbingen (verheiratet mit Susanna geb. Wolpert aus Poltringen) &#8222;um Einziehung sicherer Nachricht \u00fcber Leben oder Tod seiner Schw\u00e4gerin Marie Wolpert, &#8222;welche &#8211; wie es scheint &#8211; entweder in Constantinopel oder in Alexandrien gestorben sein soll.&#8220;<\/li>\n\n\n\n<li><strong>Florian Sailer<\/strong>&nbsp;(1935, Brasilien)<\/li>\n<\/ul>\n\n\n\n<p>Die vorstehende Liste ist zusammengestellt aus dem Heimatbuch von 1971 S. 141-144 und der Auswandererliste von&nbsp;LEO-BW, des landeskundlichen Informationssystems f\u00fcr Baden-W\u00fcrttemberg (hier auch weitere Personendetails):&nbsp;<a rel=\"noreferrer noopener\" href=\"https:\/\/deref-gmx.net\/mail\/client\/-4SuGRSdBcQ\/dereferrer\/?redirectUrl=https%3A%2F%2Fwww.leo-bw.de%2Fdetail%2F-%2FDetail%2Fdetails%2FDOKUMENT%2Flabw_auswanderer%2F16228%2FAuswanderer%2Baus%2BPoltringen\" target=\"_blank\">https:\/\/www.leo-bw.de\/detail\/-\/Detail\/details\/DOKUMENT\/labw_auswanderer\/16228\/Auswanderer+aus+Poltringen<\/a><\/p>\n\n\n\n<p>Wer hierzu vertiefende Informationen beitragen kann oder andere Geschichten als \u201eFundst\u00fccke\u201c beitragen m\u00f6chte, kann sich gerne bei unserer AG melden (heimatgeschichte \u00e4t hwv-ammerbuch punkt de).<\/p>\n\n\n\n<p class=\"has-text-align-right\">F\u00fcr die AG \u201ePoltringer Ortsgeschichte\u201c, Boris Dieter<em> <\/em><\/p>\n","protected":false},"excerpt":{"rendered":"<p>Funde aus der Poltringer Ortsgeschichte \u2013 \u201eAuswanderung\u201c Im 19. Jahrhundert gab es im gr\u00f6\u00dferen Umfang Auswanderungen aus Poltringen und in ganz Deutschland vor allem ab den 1840er Jahren Richtung Nordamerika. Vorher waren die Ziele der Auswanderung eher in Europa. Die Gr\u00fcnde waren fast immer wirtschaftliche Not. Diese Entwicklung endet dann mit dem dt.-frz. Krieg undContinue reading &rarr;<\/p>\n","protected":false},"author":1,"featured_media":0,"comment_status":"closed","ping_status":"closed","sticky":false,"template":"","format":"standard","meta":{"footnotes":""},"categories":[12],"tags":[],"class_list":["post-2501","post","type-post","status-publish","format-standard","hentry","category-poltringer-heimatgeschichte","no-thumb"],"_links":{"self":[{"href":"https:\/\/www.hwv-ammerbuch.de\/index.php?rest_route=\/wp\/v2\/posts\/2501","targetHints":{"allow":["GET"]}}],"collection":[{"href":"https:\/\/www.hwv-ammerbuch.de\/index.php?rest_route=\/wp\/v2\/posts"}],"about":[{"href":"https:\/\/www.hwv-ammerbuch.de\/index.php?rest_route=\/wp\/v2\/types\/post"}],"author":[{"embeddable":true,"href":"https:\/\/www.hwv-ammerbuch.de\/index.php?rest_route=\/wp\/v2\/users\/1"}],"replies":[{"embeddable":true,"href":"https:\/\/www.hwv-ammerbuch.de\/index.php?rest_route=%2Fwp%2Fv2%2Fcomments&post=2501"}],"version-history":[{"count":3,"href":"https:\/\/www.hwv-ammerbuch.de\/index.php?rest_route=\/wp\/v2\/posts\/2501\/revisions"}],"predecessor-version":[{"id":3004,"href":"https:\/\/www.hwv-ammerbuch.de\/index.php?rest_route=\/wp\/v2\/posts\/2501\/revisions\/3004"}],"wp:attachment":[{"href":"https:\/\/www.hwv-ammerbuch.de\/index.php?rest_route=%2Fwp%2Fv2%2Fmedia&parent=2501"}],"wp:term":[{"taxonomy":"category","embeddable":true,"href":"https:\/\/www.hwv-ammerbuch.de\/index.php?rest_route=%2Fwp%2Fv2%2Fcategories&post=2501"},{"taxonomy":"post_tag","embeddable":true,"href":"https:\/\/www.hwv-ammerbuch.de\/index.php?rest_route=%2Fwp%2Fv2%2Ftags&post=2501"}],"curies":[{"name":"wp","href":"https:\/\/api.w.org\/{rel}","templated":true}]}}