{"id":250,"date":"2009-09-30T20:08:31","date_gmt":"2009-09-30T18:08:31","guid":{"rendered":"http:\/\/hwvammerbuch.wordpress.com\/2009\/09\/30\/arbeitseinsatze\/"},"modified":"2009-09-30T20:08:31","modified_gmt":"2009-09-30T18:08:31","slug":"arbeitseinsatze","status":"publish","type":"post","link":"https:\/\/www.hwv-ammerbuch.de\/?p=250","title":{"rendered":"Arbeitseins\u00e4tze"},"content":{"rendered":"<p>Am Freitag 9.10.2009 ab 16:00 Uhr und am Samstag 10.10.2009 9:00 Uhr bis 12:00 Uhr treffen m\u00f6glichst viele Vereinsmitglieder zu dringenden Arbeiten auf dem Palmberggel\u00e4nde ein.<\/p>\n<p>Es m\u00fcssen Hecken und Str\u00e4ucher geschnitten werden. Bitte erscheint zahlreich, dass man die Botanik nach getaner Arbeit wieder ansehen kann.<\/p>\n","protected":false},"excerpt":{"rendered":"<p>Am Freitag 9.10.2009 ab 16:00 Uhr und am Samstag 10.10.2009 9:00 Uhr bis 12:00 Uhr treffen m\u00f6glichst viele Vereinsmitglieder zu dringenden Arbeiten auf dem Palmberggel\u00e4nde ein. Es m\u00fcssen Hecken und Str\u00e4ucher geschnitten werden. Bitte erscheint zahlreich, dass man die Botanik nach getaner Arbeit wieder ansehen kann.<\/p>\n","protected":false},"author":1,"featured_media":0,"comment_status":"open","ping_status":"open","sticky":false,"template":"","format":"standard","meta":{"footnotes":""},"categories":[1],"tags":[],"class_list":["post-250","post","type-post","status-publish","format-standard","hentry","category-aktuelles","no-thumb"],"_links":{"self":[{"href":"https:\/\/www.hwv-ammerbuch.de\/index.php?rest_route=\/wp\/v2\/posts\/250","targetHints":{"allow":["GET"]}}],"collection":[{"href":"https:\/\/www.hwv-ammerbuch.de\/index.php?rest_route=\/wp\/v2\/posts"}],"about":[{"href":"https:\/\/www.hwv-ammerbuch.de\/index.php?rest_route=\/wp\/v2\/types\/post"}],"author":[{"embeddable":true,"href":"https:\/\/www.hwv-ammerbuch.de\/index.php?rest_route=\/wp\/v2\/users\/1"}],"replies":[{"embeddable":true,"href":"https:\/\/www.hwv-ammerbuch.de\/index.php?rest_route=%2Fwp%2Fv2%2Fcomments&post=250"}],"version-history":[{"count":0,"href":"https:\/\/www.hwv-ammerbuch.de\/index.php?rest_route=\/wp\/v2\/posts\/250\/revisions"}],"wp:attachment":[{"href":"https:\/\/www.hwv-ammerbuch.de\/index.php?rest_route=%2Fwp%2Fv2%2Fmedia&parent=250"}],"wp:term":[{"taxonomy":"category","embeddable":true,"href":"https:\/\/www.hwv-ammerbuch.de\/index.php?rest_route=%2Fwp%2Fv2%2Fcategories&post=250"},{"taxonomy":"post_tag","embeddable":true,"href":"https:\/\/www.hwv-ammerbuch.de\/index.php?rest_route=%2Fwp%2Fv2%2Ftags&post=250"}],"curies":[{"name":"wp","href":"https:\/\/api.w.org\/{rel}","templated":true}]}}