{"id":2487,"date":"2019-10-16T21:20:28","date_gmt":"2019-10-16T21:20:28","guid":{"rendered":"http:\/\/www.hwv-ammerbuch.de\/?p=2487"},"modified":"2019-10-16T21:28:59","modified_gmt":"2019-10-16T21:28:59","slug":"2487","status":"publish","type":"post","link":"https:\/\/www.hwv-ammerbuch.de\/?p=2487","title":{"rendered":""},"content":{"rendered":"\n<p class=\"has-medium-font-size\">Einladung zum n\u00e4chsten Treffen der Arbeitsgemeinschaft<\/p>\n\n\n\n<p>Das n\u00e4chste Treffen der Arbeitsgemeinschaft Poltringer Heimatgeschichte findet am 22. Oktober 2019 ab 18:30 Uhr in der Palmbergh\u00fctte statt. Das Thema wird \u201eSchule im Schloss\u201c sein.<\/p>\n\n\n\n<p>Au\u00dferdem kommt Herr Wegner, der an der Universit\u00e4t T\u00fcbingen f\u00fcr geschichtliche Landeskunde zust\u00e4ndig ist, vorbei. Er sucht alte Inschriften z. B. an Geb\u00e4uden bis 1806. <\/p>\n\n\n\n<p style=\"text-align:right\">Katrin Flaisch | Schriftf\u00fchrerin<\/p>\n","protected":false},"excerpt":{"rendered":"<p>Einladung zum n\u00e4chsten Treffen der Arbeitsgemeinschaft Das n\u00e4chste Treffen der Arbeitsgemeinschaft Poltringer Heimatgeschichte findet am 22. Oktober 2019 ab 18:30 Uhr in der Palmbergh\u00fctte statt. Das Thema wird \u201eSchule im Schloss\u201c sein. Au\u00dferdem kommt Herr Wegner, der an der Universit\u00e4t T\u00fcbingen f\u00fcr geschichtliche Landeskunde zust\u00e4ndig ist, vorbei. Er sucht alte Inschriften z. B. an Geb\u00e4udenContinue reading &rarr;<\/p>\n","protected":false},"author":1,"featured_media":0,"comment_status":"closed","ping_status":"closed","sticky":false,"template":"","format":"standard","meta":{"footnotes":""},"categories":[1],"tags":[],"class_list":["post-2487","post","type-post","status-publish","format-standard","hentry","category-aktuelles","no-thumb"],"_links":{"self":[{"href":"https:\/\/www.hwv-ammerbuch.de\/index.php?rest_route=\/wp\/v2\/posts\/2487","targetHints":{"allow":["GET"]}}],"collection":[{"href":"https:\/\/www.hwv-ammerbuch.de\/index.php?rest_route=\/wp\/v2\/posts"}],"about":[{"href":"https:\/\/www.hwv-ammerbuch.de\/index.php?rest_route=\/wp\/v2\/types\/post"}],"author":[{"embeddable":true,"href":"https:\/\/www.hwv-ammerbuch.de\/index.php?rest_route=\/wp\/v2\/users\/1"}],"replies":[{"embeddable":true,"href":"https:\/\/www.hwv-ammerbuch.de\/index.php?rest_route=%2Fwp%2Fv2%2Fcomments&post=2487"}],"version-history":[{"count":2,"href":"https:\/\/www.hwv-ammerbuch.de\/index.php?rest_route=\/wp\/v2\/posts\/2487\/revisions"}],"predecessor-version":[{"id":2496,"href":"https:\/\/www.hwv-ammerbuch.de\/index.php?rest_route=\/wp\/v2\/posts\/2487\/revisions\/2496"}],"wp:attachment":[{"href":"https:\/\/www.hwv-ammerbuch.de\/index.php?rest_route=%2Fwp%2Fv2%2Fmedia&parent=2487"}],"wp:term":[{"taxonomy":"category","embeddable":true,"href":"https:\/\/www.hwv-ammerbuch.de\/index.php?rest_route=%2Fwp%2Fv2%2Fcategories&post=2487"},{"taxonomy":"post_tag","embeddable":true,"href":"https:\/\/www.hwv-ammerbuch.de\/index.php?rest_route=%2Fwp%2Fv2%2Ftags&post=2487"}],"curies":[{"name":"wp","href":"https:\/\/api.w.org\/{rel}","templated":true}]}}