{"id":2482,"date":"2019-10-06T20:57:08","date_gmt":"2019-10-06T20:57:08","guid":{"rendered":"http:\/\/www.hwv-ammerbuch.de\/?p=2482"},"modified":"2023-02-04T20:29:35","modified_gmt":"2023-02-04T20:29:35","slug":"2482","status":"publish","type":"post","link":"https:\/\/www.hwv-ammerbuch.de\/?p=2482","title":{"rendered":""},"content":{"rendered":"\n<p class=\"has-medium-font-size\">Funde aus der Poltringer Ortsgeschichte \u2013 \u201ePf\u00e4ffinger Liaisons\u201c<\/p>\n\n\n\n<p>Folgender Fund bietet mit zwei Anekdoten Einblicke in das fr\u00fchere Verh\u00e4ltnis des evang. Pf\u00e4ffingens zum kath. Poltringen:<\/p>\n\n\n\n<p>\u201eMein Mann, Eberhard H\u00f6kh (+16.5.2019), aufgewachsen in Stuttgart, stammt aus einer Pf\u00e4ffinger Familie. Der Urgro\u00dfvater, Christian Ludwig H\u00f6kh (1819-1879) besa\u00df den letzten Hof in Pf\u00e4ffingen in Richtung Poltringen, heute das Anwesen von G\u00fcnter H\u00f6ckh. Dieser Christian Ludwig H\u00f6kh hatte eine Tochter, Maria Friederike H\u00f6kh (1855-1937), die sich in den S\u00e4ger von Poltringen verliebte. Sie bekam von ihm ein Kind. Der strenge Vater verweigerte aber die Hochzeit. Es kam nicht in Frage, dass ein evangelisches M\u00e4dle einen Katholiken heiratete. Zitat: &#8222;&#8220;An mei&#8217;m Tisch werdet so viele M\u00e4uler satt, da kommt&#8217;s auf eins mehr net an. Aber mei evangelisches M\u00e4dle derf koin katholischa Poltringer heirate!&#8220; Es kamen ein zweites und ein drittes Kind, bis endlich der Vater die Einwilligung zur Hochzeit gab. Endlich konnte das M\u00e4dle den Matthias Ruthart (+1927) aus der Poltringer S\u00e4gm\u00fchle heiraten und hatte insgesamt 14 Kinder! So ist der Name Ruthart nach Pf\u00e4ffingen gekommen.<\/p>\n\n\n\n<p>Ihr Bruder, Rudolf H\u00f6kh, war der Gro\u00dfvater meines Mannes Eberhard H\u00f6kh. Er ging zum Milit\u00e4r, w\u00e4hrend seine Schwester im elterlichen Hof lebte. In der Zeit brannte der Hof ab. Die Angaben zur Brandursache sind uneinheitlich: Die einen sprechen vom Blitzschlag, die anderen von spielenden Kindern. Jedenfalls brannte der Hof ab. Der Gro\u00dfvater meines Mannes verkaufte daraufhin seine Pf\u00e4ffinger Besitzungen und erwarb von dem Erl\u00f6s ein Haus in Stuttgart.<\/p>\n\n\n\n<p>Meine Schwiegermutter erz\u00e4hlte noch eine andere skurrile Geschichte: Ein Verwandter namens &#8222;Leclair&#8220; hatte Streit sowohl mit den Poltringern als auch den Pf\u00e4ffingern. Er muss wohl ein ungl\u00fccklicher Mensch gewesen sein und beschloss, sich das Leben zu nehmen. Zu dem Zweck setzte er sich an einen Grenzstein zwischen Poltringen und Pf\u00e4ffingen und erschoss sich dort, damit die Pf\u00e4ffinger und die Poltringer sich stritten, wer ihn bestatten muss.\u201cAufgezeichnet 2019 von Irene Hahn-H\u00f6kh aus der Biegenm\u00fchle in Pf\u00e4ffingen.<\/p>\n\n\n<div class=\"wp-block-image\">\n<figure class=\"aligncenter is-resized\"><img loading=\"lazy\" decoding=\"async\" src=\"http:\/\/www.hwv-ammerbuch.de\/wp-content\/uploads\/2019\/10\/HWV-AG-Pf\u00e4ffinger-Liaisons-768x1024.jpg\" alt=\"\" class=\"wp-image-2483\" width=\"217\" height=\"289\" srcset=\"https:\/\/www.hwv-ammerbuch.de\/wp-content\/uploads\/2019\/10\/HWV-AG-Pf\u00e4ffinger-Liaisons-768x1024.jpg 768w, https:\/\/www.hwv-ammerbuch.de\/wp-content\/uploads\/2019\/10\/HWV-AG-Pf\u00e4ffinger-Liaisons-225x300.jpg 225w, https:\/\/www.hwv-ammerbuch.de\/wp-content\/uploads\/2019\/10\/HWV-AG-Pf\u00e4ffinger-Liaisons.jpg 1386w\" sizes=\"auto, (max-width: 217px) 100vw, 217px\" \/><figcaption class=\"wp-element-caption\"> <em>\u201ePoltringer Grenzstein\u201c (einzig bekannter) von 1821, hinten \u201e1821\u201c \/ \u201ePoltringen\u201c, vorne \u201eN (gespiegelt) Hirschstange \u201ei\u201c mitten im Wald am Saurucken beim Friedwald auf der Gemarkung Entringen (Details:&nbsp;<a rel=\"noreferrer noopener\" href=\"https:\/\/deref-gmx.net\/mail\/client\/m3dOsP-dXnI\/dereferrer\/?redirectUrl=http%3A%2F%2Fwww.kleindenkmale-schoenbuch.de%2Fliste_kdm.html\" target=\"_blank\">http:\/\/www.kleindenkmale-schoenbuch.de\/liste_kdm.html<\/a>)<\/em> <\/figcaption><\/figure><\/div>\n\n\n<p>Wer hierzu vertiefende Informationen beitragen kann oder andere Geschichten als \u201eFundst\u00fccke\u201c beitragen m\u00f6chte, kann sich gerne bei unserer AG melden (heimatgeschichte \u00e4t hwv-ammerbuch punkt de).<\/p>\n\n\n\n<p class=\"has-text-align-right\">F\u00fcr die AG \u201ePoltringer Ortsgeschichte\u201c, Boris Dieter<\/p>\n","protected":false},"excerpt":{"rendered":"<p>Funde aus der Poltringer Ortsgeschichte \u2013 \u201ePf\u00e4ffinger Liaisons\u201c Folgender Fund bietet mit zwei Anekdoten Einblicke in das fr\u00fchere Verh\u00e4ltnis des evang. Pf\u00e4ffingens zum kath. Poltringen: \u201eMein Mann, Eberhard H\u00f6kh (+16.5.2019), aufgewachsen in Stuttgart, stammt aus einer Pf\u00e4ffinger Familie. Der Urgro\u00dfvater, Christian Ludwig H\u00f6kh (1819-1879) besa\u00df den letzten Hof in Pf\u00e4ffingen in Richtung Poltringen, heute dasContinue reading &rarr;<\/p>\n","protected":false},"author":1,"featured_media":0,"comment_status":"closed","ping_status":"closed","sticky":false,"template":"","format":"standard","meta":{"footnotes":""},"categories":[12],"tags":[],"class_list":["post-2482","post","type-post","status-publish","format-standard","hentry","category-poltringer-heimatgeschichte","no-thumb"],"_links":{"self":[{"href":"https:\/\/www.hwv-ammerbuch.de\/index.php?rest_route=\/wp\/v2\/posts\/2482","targetHints":{"allow":["GET"]}}],"collection":[{"href":"https:\/\/www.hwv-ammerbuch.de\/index.php?rest_route=\/wp\/v2\/posts"}],"about":[{"href":"https:\/\/www.hwv-ammerbuch.de\/index.php?rest_route=\/wp\/v2\/types\/post"}],"author":[{"embeddable":true,"href":"https:\/\/www.hwv-ammerbuch.de\/index.php?rest_route=\/wp\/v2\/users\/1"}],"replies":[{"embeddable":true,"href":"https:\/\/www.hwv-ammerbuch.de\/index.php?rest_route=%2Fwp%2Fv2%2Fcomments&post=2482"}],"version-history":[{"count":2,"href":"https:\/\/www.hwv-ammerbuch.de\/index.php?rest_route=\/wp\/v2\/posts\/2482\/revisions"}],"predecessor-version":[{"id":3007,"href":"https:\/\/www.hwv-ammerbuch.de\/index.php?rest_route=\/wp\/v2\/posts\/2482\/revisions\/3007"}],"wp:attachment":[{"href":"https:\/\/www.hwv-ammerbuch.de\/index.php?rest_route=%2Fwp%2Fv2%2Fmedia&parent=2482"}],"wp:term":[{"taxonomy":"category","embeddable":true,"href":"https:\/\/www.hwv-ammerbuch.de\/index.php?rest_route=%2Fwp%2Fv2%2Fcategories&post=2482"},{"taxonomy":"post_tag","embeddable":true,"href":"https:\/\/www.hwv-ammerbuch.de\/index.php?rest_route=%2Fwp%2Fv2%2Ftags&post=2482"}],"curies":[{"name":"wp","href":"https:\/\/api.w.org\/{rel}","templated":true}]}}