{"id":2479,"date":"2019-10-06T20:53:21","date_gmt":"2019-10-06T20:53:21","guid":{"rendered":"http:\/\/www.hwv-ammerbuch.de\/?p=2479"},"modified":"2023-02-04T20:29:50","modified_gmt":"2023-02-04T20:29:50","slug":"2479","status":"publish","type":"post","link":"https:\/\/www.hwv-ammerbuch.de\/?p=2479","title":{"rendered":""},"content":{"rendered":"\n<p class=\"has-medium-font-size\">Funde aus der Poltringer Ortsgeschichte \u2013 \u201ePoltringer H\u00e4ftling\u201c<\/p>\n\n\n\n<p>In der Regierungszeit K\u00f6nig Friedrichs I. von W\u00fcrttemberg waren etwa 400 M\u00e4nner auf der&nbsp;<strong>Festung Hohenasperg<\/strong>&nbsp;bei Ludwigsburg inhaftiert. Der Hohenasperg, der seit dem Mittelalter u.a. auch als Gef\u00e4ngnis und heute als Vollzugskrankenhaus dient, gilt nach einem Bonmot als der \u201eh\u00f6chste Berg W\u00fcrttembergs\u201c, da man in wenigen Minuten oben ist, aber Jahre braucht, um wieder herunterzugelangen.Aus dem Jahr&nbsp;<strong>1813<\/strong>&nbsp;ist eine&nbsp;<strong>Gefangenenliste<\/strong>&nbsp;erhalten, in der die Namen, die Haftgr\u00fcnde und die Haftdauer erscheinen. In den Jahresrechnungen der Festung Hohenasperg, welche im Staatsarchiv Ludwigsburg verwahrt werden, sind die Namen der Gefangenen und die Haftdauer aufgelistet, nicht aber der Grund der Festungsstrafe.<\/p>\n\n\n\n<figure class=\"wp-block-image\"><img loading=\"lazy\" decoding=\"async\" width=\"1024\" height=\"473\" src=\"http:\/\/www.hwv-ammerbuch.de\/wp-content\/uploads\/2019\/10\/HWV-AG-Gef\u00e4ngnis-1024x473.jpg\" alt=\"\" class=\"wp-image-2480\" srcset=\"https:\/\/www.hwv-ammerbuch.de\/wp-content\/uploads\/2019\/10\/HWV-AG-Gef\u00e4ngnis-1024x473.jpg 1024w, https:\/\/www.hwv-ammerbuch.de\/wp-content\/uploads\/2019\/10\/HWV-AG-Gef\u00e4ngnis-300x139.jpg 300w, https:\/\/www.hwv-ammerbuch.de\/wp-content\/uploads\/2019\/10\/HWV-AG-Gef\u00e4ngnis-768x355.jpg 768w, https:\/\/www.hwv-ammerbuch.de\/wp-content\/uploads\/2019\/10\/HWV-AG-Gef\u00e4ngnis-500x231.jpg 500w\" sizes=\"auto, (max-width: 1024px) 100vw, 1024px\" \/><figcaption class=\"wp-element-caption\"> <em>Luftbild Hohenasperg 1950, Wikipedia<\/em> <\/figcaption><\/figure>\n\n\n\n<p>In der o.g. Liste ist ein Poltringer zu finden: <strong>Moritz Haar<\/strong>, aus Poltringen, Oberamt Herrenberg, wegen&nbsp;<strong>Diebstahl und zweimaligem&nbsp;Entweichen<\/strong>&nbsp;als Str\u00e4fling, Strafma\u00df: 3 Jahre 9 MonateAuch ein Reustener und ein Breitenholzer H\u00e4ftling waren dort 1813 zu finden.<\/p>\n\n\n\n<p>Die gesamte Liste findet sich hier:&nbsp;<a rel=\"noreferrer noopener\" href=\"https:\/\/deref-gmx.net\/mail\/client\/A4M7qnQ6LCA\/dereferrer\/?redirectUrl=https%3A%2F%2Feberhardfritz.de.tl%2FGefangene-auf-der-Festung-Hohenasperg-1813.htm\" target=\"_blank\">https:\/\/eberhardfritz.de.tl\/Gefangene-auf-der-Festung-Hohenasperg-1813.htm<\/a><\/p>\n\n\n\n<p>Grundlegend f\u00fcr das Thema ist der Aufsatz von Eberhard Fritz&nbsp;\u201eAuf die Vestung Hohen-Asperg condemnirt\u201c &#8211; Leben und Alltag der Gefangenen in der Regierungszeit Friedrichs von W\u00fcrttemberg (1797 &#8211; 1816) in: Ludwigsburger Geschichtsbl\u00e4tter 67\/2013. S. 67-92.<\/p>\n\n\n\n<p>Wer hierzu vertiefende Informationen beitragen kann oder andere Geschichten als \u201eFundst\u00fccke\u201c beitragen m\u00f6chte, kann sich gerne bei unserer AG melden (heimatgeschichte \u00e4t hwv-ammerbuch punkt de).<\/p>\n\n\n\n<p class=\"has-text-align-right\">F\u00fcr die AG \u201ePoltringer Heimatgeschichte\u201c, Boris Dieter<\/p>\n","protected":false},"excerpt":{"rendered":"<p>Funde aus der Poltringer Ortsgeschichte \u2013 \u201ePoltringer H\u00e4ftling\u201c In der Regierungszeit K\u00f6nig Friedrichs I. von W\u00fcrttemberg waren etwa 400 M\u00e4nner auf der&nbsp;Festung Hohenasperg&nbsp;bei Ludwigsburg inhaftiert. Der Hohenasperg, der seit dem Mittelalter u.a. auch als Gef\u00e4ngnis und heute als Vollzugskrankenhaus dient, gilt nach einem Bonmot als der \u201eh\u00f6chste Berg W\u00fcrttembergs\u201c, da man in wenigen Minuten obenContinue reading &rarr;<\/p>\n","protected":false},"author":1,"featured_media":0,"comment_status":"closed","ping_status":"closed","sticky":false,"template":"","format":"standard","meta":{"footnotes":""},"categories":[12],"tags":[],"class_list":["post-2479","post","type-post","status-publish","format-standard","hentry","category-poltringer-heimatgeschichte","no-thumb"],"_links":{"self":[{"href":"https:\/\/www.hwv-ammerbuch.de\/index.php?rest_route=\/wp\/v2\/posts\/2479","targetHints":{"allow":["GET"]}}],"collection":[{"href":"https:\/\/www.hwv-ammerbuch.de\/index.php?rest_route=\/wp\/v2\/posts"}],"about":[{"href":"https:\/\/www.hwv-ammerbuch.de\/index.php?rest_route=\/wp\/v2\/types\/post"}],"author":[{"embeddable":true,"href":"https:\/\/www.hwv-ammerbuch.de\/index.php?rest_route=\/wp\/v2\/users\/1"}],"replies":[{"embeddable":true,"href":"https:\/\/www.hwv-ammerbuch.de\/index.php?rest_route=%2Fwp%2Fv2%2Fcomments&post=2479"}],"version-history":[{"count":2,"href":"https:\/\/www.hwv-ammerbuch.de\/index.php?rest_route=\/wp\/v2\/posts\/2479\/revisions"}],"predecessor-version":[{"id":3008,"href":"https:\/\/www.hwv-ammerbuch.de\/index.php?rest_route=\/wp\/v2\/posts\/2479\/revisions\/3008"}],"wp:attachment":[{"href":"https:\/\/www.hwv-ammerbuch.de\/index.php?rest_route=%2Fwp%2Fv2%2Fmedia&parent=2479"}],"wp:term":[{"taxonomy":"category","embeddable":true,"href":"https:\/\/www.hwv-ammerbuch.de\/index.php?rest_route=%2Fwp%2Fv2%2Fcategories&post=2479"},{"taxonomy":"post_tag","embeddable":true,"href":"https:\/\/www.hwv-ammerbuch.de\/index.php?rest_route=%2Fwp%2Fv2%2Ftags&post=2479"}],"curies":[{"name":"wp","href":"https:\/\/api.w.org\/{rel}","templated":true}]}}