{"id":2477,"date":"2019-10-06T20:50:59","date_gmt":"2019-10-06T20:50:59","guid":{"rendered":"http:\/\/www.hwv-ammerbuch.de\/?p=2477"},"modified":"2019-10-06T20:50:59","modified_gmt":"2019-10-06T20:50:59","slug":"2477","status":"publish","type":"post","link":"https:\/\/www.hwv-ammerbuch.de\/?p=2477","title":{"rendered":""},"content":{"rendered":"\n<p class=\"has-medium-font-size\">Neuer Wein und Zwiebelkuchen aus\u2018m Backh\u00e4usle<\/p>\n\n\n\n<p>Am Sonntag 06.10.2019 gibt es ab 11 Uhr in der Palmbergh\u00fctte Poltringen zum neuen Wein wieder leckeren Zwiebelkuchen aus\u2019m Backh\u00e4usle. Die gesamte Bev\u00f6lkerung ist herzlich eingeladen. Wir freuen uns auf viele G\u00e4ste.<\/p>\n\n\n\n<p class=\"has-medium-font-size\">Bitte vormerken: n\u00e4chstes Treffen der Arbeitsgemeinschaft<\/p>\n\n\n\n<p>Das n\u00e4chste Treffen der Arbeitsgemeinschaft Poltringer Heimatgeschichte findet am 22. Oktober 2019 ab 18:30 Uhr in der Palmbergh\u00fctte statt. Das Thema wird \u201eSchule im Schloss\u201c sein. Nachfolgend f\u00fcr alle Interessierten eine Information des B\u00fcrgerverein Ammerbuch: \u201eHerr Hess, Ortsvorsteher in Poltringen, hat den B\u00fcrgerverein Ammerbuch offiziell eingeladen, in der n\u00e4chsten Sitzung des Ortschaftsrats unser museales Konzept vorzustellen. Termin: Mittwoch, 2. Oktober 2019 ca. 20:00 Uhr im Rathaus Poltringen (davor tagt der Ortschaftsrat bereits ab 19:00 Uhr zu anderen Themen, ab ca. 20:00 Uhr bekommen wir das Wort). Herr Hess will dann in der n\u00e4chsten Sitzung (November?) im Gremium beraten, in wie fern der Ortschaftsrat unser Projekt unterst\u00fctzt, unter anderem in Form einer Empfehlung an den Gemeinderat, mit uns einen Pachtvertrag f\u00fcr die rechte Scheunenanteile abzuschlie\u00dfen. \u201cEs w\u00e4re klasse, wenn viele Leute zu dieser Ortschaftsratsitzung kommen k\u00f6nnten! Schlie\u00dflich geht es um unsere Schlossscheune, die die Gemeinde Ammerbuch verkaufen will! Tragt den Termin mal in Euren Kalender ein und kommt am 2. Oktober 2019 ins Rathaus! Liebe Gr\u00fc\u00dfe Margot Sailer<\/p>\n\n\n\n<p style=\"text-align:right\">Katrin Flaisch | Schriftf\u00fchrerin <\/p>\n","protected":false},"excerpt":{"rendered":"<p>Neuer Wein und Zwiebelkuchen aus\u2018m Backh\u00e4usle Am Sonntag 06.10.2019 gibt es ab 11 Uhr in der Palmbergh\u00fctte Poltringen zum neuen Wein wieder leckeren Zwiebelkuchen aus\u2019m Backh\u00e4usle. Die gesamte Bev\u00f6lkerung ist herzlich eingeladen. Wir freuen uns auf viele G\u00e4ste. Bitte vormerken: n\u00e4chstes Treffen der Arbeitsgemeinschaft Das n\u00e4chste Treffen der Arbeitsgemeinschaft Poltringer Heimatgeschichte findet am 22. OktoberContinue reading &rarr;<\/p>\n","protected":false},"author":1,"featured_media":0,"comment_status":"closed","ping_status":"closed","sticky":false,"template":"","format":"standard","meta":{"footnotes":""},"categories":[1],"tags":[],"class_list":["post-2477","post","type-post","status-publish","format-standard","hentry","category-aktuelles","no-thumb"],"_links":{"self":[{"href":"https:\/\/www.hwv-ammerbuch.de\/index.php?rest_route=\/wp\/v2\/posts\/2477","targetHints":{"allow":["GET"]}}],"collection":[{"href":"https:\/\/www.hwv-ammerbuch.de\/index.php?rest_route=\/wp\/v2\/posts"}],"about":[{"href":"https:\/\/www.hwv-ammerbuch.de\/index.php?rest_route=\/wp\/v2\/types\/post"}],"author":[{"embeddable":true,"href":"https:\/\/www.hwv-ammerbuch.de\/index.php?rest_route=\/wp\/v2\/users\/1"}],"replies":[{"embeddable":true,"href":"https:\/\/www.hwv-ammerbuch.de\/index.php?rest_route=%2Fwp%2Fv2%2Fcomments&post=2477"}],"version-history":[{"count":1,"href":"https:\/\/www.hwv-ammerbuch.de\/index.php?rest_route=\/wp\/v2\/posts\/2477\/revisions"}],"predecessor-version":[{"id":2478,"href":"https:\/\/www.hwv-ammerbuch.de\/index.php?rest_route=\/wp\/v2\/posts\/2477\/revisions\/2478"}],"wp:attachment":[{"href":"https:\/\/www.hwv-ammerbuch.de\/index.php?rest_route=%2Fwp%2Fv2%2Fmedia&parent=2477"}],"wp:term":[{"taxonomy":"category","embeddable":true,"href":"https:\/\/www.hwv-ammerbuch.de\/index.php?rest_route=%2Fwp%2Fv2%2Fcategories&post=2477"},{"taxonomy":"post_tag","embeddable":true,"href":"https:\/\/www.hwv-ammerbuch.de\/index.php?rest_route=%2Fwp%2Fv2%2Ftags&post=2477"}],"curies":[{"name":"wp","href":"https:\/\/api.w.org\/{rel}","templated":true}]}}