{"id":2459,"date":"2019-10-06T20:40:24","date_gmt":"2019-10-06T20:40:24","guid":{"rendered":"http:\/\/www.hwv-ammerbuch.de\/?p=2459"},"modified":"2023-02-04T20:30:38","modified_gmt":"2023-02-04T20:30:38","slug":"2459","status":"publish","type":"post","link":"https:\/\/www.hwv-ammerbuch.de\/?p=2459","title":{"rendered":""},"content":{"rendered":"\n<p class=\"has-medium-font-size\">Funde aus der Poltringer Ortsgeschichte \u2013 Sage vom Muotisheer*<\/p>\n\n\n\n<figure class=\"wp-block-image\"><img loading=\"lazy\" decoding=\"async\" width=\"806\" height=\"557\" src=\"http:\/\/www.hwv-ammerbuch.de\/wp-content\/uploads\/2019\/10\/HWV-AG-Sage-Muotisheer.jpg\" alt=\"\" class=\"wp-image-2460\" srcset=\"https:\/\/www.hwv-ammerbuch.de\/wp-content\/uploads\/2019\/10\/HWV-AG-Sage-Muotisheer.jpg 806w, https:\/\/www.hwv-ammerbuch.de\/wp-content\/uploads\/2019\/10\/HWV-AG-Sage-Muotisheer-300x207.jpg 300w, https:\/\/www.hwv-ammerbuch.de\/wp-content\/uploads\/2019\/10\/HWV-AG-Sage-Muotisheer-768x531.jpg 768w, https:\/\/www.hwv-ammerbuch.de\/wp-content\/uploads\/2019\/10\/HWV-AG-Sage-Muotisheer-434x300.jpg 434w\" sizes=\"auto, (max-width: 806px) 100vw, 806px\" \/><figcaption class=\"wp-element-caption\"> <em>&#8222;Odins wilde Jagd&#8220; des norwegischen Malers Peter Nicolai Arbo von 1872<\/em> <\/figcaption><\/figure>\n\n\n\n<p>\u201eEin alter Lehrer in Hirschau erz\u00e4hlte oft, wie er einmal noch sp\u00e4t von Poltringen heim sei nach Hirschau. Zwischen Pf\u00e4ffingen und Poltringen sei es eben gewesen: da h\u00f6rte er pl\u00f6tzlich ein furchtbares Jagen und Rufen und verworren Schreien. Er sprang \u00fcber Hals und Kopf, um noch zu dem n\u00e4chsten Feldkreuz zu kommen. Aber im Nu rief&#8217;s schon hinter ihm her:&nbsp;<\/p>\n\n\n\n<p>\u201cH\u00fb, h\u00fb, h\u00fb,\u201c<\/p>\n\n\n\n<p>\u201cAuss \u0259m W\u00eb\u0259g!\u201c<\/p>\n\n\n\n<p>Gl\u00fccklicherweise hatte er das Kreuz erreicht und so gewaltig umklammert, als ob er&nbsp;angewachsen w\u00e4re. In dem n\u00e4mlichen Augenblicke zog eine gro\u00dfe Schar Reiter auf&nbsp;Schimmeln und Rappen an ihm vorbei, die Reiter alle ihre K\u00f6pfe unter dem Arm. Er kam gl\u00fccklich davon; h\u00e4tte er das Kreuz nicht erreicht, so w\u00e4r&#8217;s ihm gewi\u00df nicht gut gegangen.\u201c<\/p>\n\n\n\n<p>*Muotis- oder Wuotisheer oder wilde Jagd: u.a. Sturm der in Tagen der Tag- und Nachtgleiche den Fr\u00fchling ank\u00fcndigt oder baldigen gro\u00dfen Krieg, auch in Verbindung mit Odins \/ Wotans w\u00fctendem Heer oder Existenz eines Geisterheeres, das sich in der Nacht erbitterte K\u00e4mpfe liefert<\/p>\n\n\n\n<p>Aus \u201eSagen, M\u00e4rchen, Volksaberglauben &#8211; Volksth\u00fcmliches aus Schwaben Band 1\u201c von Anton Birlinger \/ Michael Richard Buck von 1861; Sage ist m\u00fcndlich \u00fcberliefert.<\/p>\n\n\n\n<p>Wer\u00a0<strong>weitere (noch undokumentierte) Poltringer Sagen<\/strong>\u00a0kennt oder andere Geschichten als \u201eFundst\u00fccke\u201c beitragen m\u00f6chte, kann sich gerne bei unserer AG melden (heimatgeschichte \u00e4t hwv-ammerbuch punkt de).<\/p>\n\n\n\n<p class=\"has-text-align-right\">F\u00fcr die AG \u201ePoltringer Heimatgeschichte\u201c, Boris Dieter<\/p>\n","protected":false},"excerpt":{"rendered":"<p>Funde aus der Poltringer Ortsgeschichte \u2013 Sage vom Muotisheer* \u201eEin alter Lehrer in Hirschau erz\u00e4hlte oft, wie er einmal noch sp\u00e4t von Poltringen heim sei nach Hirschau. Zwischen Pf\u00e4ffingen und Poltringen sei es eben gewesen: da h\u00f6rte er pl\u00f6tzlich ein furchtbares Jagen und Rufen und verworren Schreien. Er sprang \u00fcber Hals und Kopf, um nochContinue reading &rarr;<\/p>\n","protected":false},"author":1,"featured_media":0,"comment_status":"closed","ping_status":"closed","sticky":false,"template":"","format":"standard","meta":{"footnotes":""},"categories":[12],"tags":[],"class_list":["post-2459","post","type-post","status-publish","format-standard","hentry","category-poltringer-heimatgeschichte","no-thumb"],"_links":{"self":[{"href":"https:\/\/www.hwv-ammerbuch.de\/index.php?rest_route=\/wp\/v2\/posts\/2459","targetHints":{"allow":["GET"]}}],"collection":[{"href":"https:\/\/www.hwv-ammerbuch.de\/index.php?rest_route=\/wp\/v2\/posts"}],"about":[{"href":"https:\/\/www.hwv-ammerbuch.de\/index.php?rest_route=\/wp\/v2\/types\/post"}],"author":[{"embeddable":true,"href":"https:\/\/www.hwv-ammerbuch.de\/index.php?rest_route=\/wp\/v2\/users\/1"}],"replies":[{"embeddable":true,"href":"https:\/\/www.hwv-ammerbuch.de\/index.php?rest_route=%2Fwp%2Fv2%2Fcomments&post=2459"}],"version-history":[{"count":3,"href":"https:\/\/www.hwv-ammerbuch.de\/index.php?rest_route=\/wp\/v2\/posts\/2459\/revisions"}],"predecessor-version":[{"id":3011,"href":"https:\/\/www.hwv-ammerbuch.de\/index.php?rest_route=\/wp\/v2\/posts\/2459\/revisions\/3011"}],"wp:attachment":[{"href":"https:\/\/www.hwv-ammerbuch.de\/index.php?rest_route=%2Fwp%2Fv2%2Fmedia&parent=2459"}],"wp:term":[{"taxonomy":"category","embeddable":true,"href":"https:\/\/www.hwv-ammerbuch.de\/index.php?rest_route=%2Fwp%2Fv2%2Fcategories&post=2459"},{"taxonomy":"post_tag","embeddable":true,"href":"https:\/\/www.hwv-ammerbuch.de\/index.php?rest_route=%2Fwp%2Fv2%2Ftags&post=2459"}],"curies":[{"name":"wp","href":"https:\/\/api.w.org\/{rel}","templated":true}]}}