{"id":2454,"date":"2019-08-28T20:35:16","date_gmt":"2019-08-28T20:35:16","guid":{"rendered":"http:\/\/www.hwv-ammerbuch.de\/?p=2454"},"modified":"2019-08-28T20:35:16","modified_gmt":"2019-08-28T20:35:16","slug":"2454","status":"publish","type":"post","link":"https:\/\/www.hwv-ammerbuch.de\/?p=2454","title":{"rendered":""},"content":{"rendered":"\n<p class=\"has-medium-font-size\">Arbeitseinsatz bitte vormerken<\/p>\n\n\n\n<p>Am Freitag 06.09.2019 und Samstag 07.09.2019 jeweils ab 9 Uhr werden wir in unserer Palmbergh\u00fctte einen Gro\u00dfputz machen. Dazu sind viele helfende H\u00e4nde gefragt. Bitte liebe Vereinsmitglieder haltet diesen Termin im Terminkalender fest und unterst\u00fctzt mit Eurem Einsatz die Erhaltung unserer Vereinseinrichtungen.<\/p>\n\n\n\n<p class=\"has-medium-font-size\">H\u00fcttenbetrieb Dienstagstreff<\/p>\n\n\n\n<p>Der n\u00e4chste Dienstagstreff findet am 03.09.2019 ab 15:00 Uhr in der Palmbergh\u00fctte statt.<\/p>\n\n\n\n<p>Auf viele gutgelaunte G\u00e4ste freuen sich Moni, Gabi und Wolfgang.<\/p>\n","protected":false},"excerpt":{"rendered":"<p>Arbeitseinsatz bitte vormerken Am Freitag 06.09.2019 und Samstag 07.09.2019 jeweils ab 9 Uhr werden wir in unserer Palmbergh\u00fctte einen Gro\u00dfputz machen. Dazu sind viele helfende H\u00e4nde gefragt. Bitte liebe Vereinsmitglieder haltet diesen Termin im Terminkalender fest und unterst\u00fctzt mit Eurem Einsatz die Erhaltung unserer Vereinseinrichtungen. H\u00fcttenbetrieb Dienstagstreff Der n\u00e4chste Dienstagstreff findet am 03.09.2019 ab 15:00Continue reading &rarr;<\/p>\n","protected":false},"author":1,"featured_media":0,"comment_status":"closed","ping_status":"closed","sticky":false,"template":"","format":"standard","meta":{"footnotes":""},"categories":[1],"tags":[],"class_list":["post-2454","post","type-post","status-publish","format-standard","hentry","category-aktuelles","no-thumb"],"_links":{"self":[{"href":"https:\/\/www.hwv-ammerbuch.de\/index.php?rest_route=\/wp\/v2\/posts\/2454","targetHints":{"allow":["GET"]}}],"collection":[{"href":"https:\/\/www.hwv-ammerbuch.de\/index.php?rest_route=\/wp\/v2\/posts"}],"about":[{"href":"https:\/\/www.hwv-ammerbuch.de\/index.php?rest_route=\/wp\/v2\/types\/post"}],"author":[{"embeddable":true,"href":"https:\/\/www.hwv-ammerbuch.de\/index.php?rest_route=\/wp\/v2\/users\/1"}],"replies":[{"embeddable":true,"href":"https:\/\/www.hwv-ammerbuch.de\/index.php?rest_route=%2Fwp%2Fv2%2Fcomments&post=2454"}],"version-history":[{"count":1,"href":"https:\/\/www.hwv-ammerbuch.de\/index.php?rest_route=\/wp\/v2\/posts\/2454\/revisions"}],"predecessor-version":[{"id":2455,"href":"https:\/\/www.hwv-ammerbuch.de\/index.php?rest_route=\/wp\/v2\/posts\/2454\/revisions\/2455"}],"wp:attachment":[{"href":"https:\/\/www.hwv-ammerbuch.de\/index.php?rest_route=%2Fwp%2Fv2%2Fmedia&parent=2454"}],"wp:term":[{"taxonomy":"category","embeddable":true,"href":"https:\/\/www.hwv-ammerbuch.de\/index.php?rest_route=%2Fwp%2Fv2%2Fcategories&post=2454"},{"taxonomy":"post_tag","embeddable":true,"href":"https:\/\/www.hwv-ammerbuch.de\/index.php?rest_route=%2Fwp%2Fv2%2Ftags&post=2454"}],"curies":[{"name":"wp","href":"https:\/\/api.w.org\/{rel}","templated":true}]}}