{"id":2443,"date":"2019-08-17T20:57:20","date_gmt":"2019-08-17T20:57:20","guid":{"rendered":"http:\/\/www.hwv-ammerbuch.de\/?p=2443"},"modified":"2023-02-04T21:34:45","modified_gmt":"2023-02-04T21:34:45","slug":"2443","status":"publish","type":"post","link":"https:\/\/www.hwv-ammerbuch.de\/?p=2443","title":{"rendered":""},"content":{"rendered":"\n<p class=\"has-medium-font-size\">Funde aus der Poltringer Ortsgeschichte \u2013 \u201eWarum hei\u00dft Poltringen &#8222;Poltringen&#8220;?\u201c<\/p>\n\n\n\n<figure class=\"wp-block-image\"><img loading=\"lazy\" decoding=\"async\" width=\"1024\" height=\"576\" src=\"http:\/\/www.hwv-ammerbuch.de\/wp-content\/uploads\/2019\/08\/HWV-AG-Ortsname-1024x576.jpg\" alt=\"\" class=\"wp-image-2444\" srcset=\"https:\/\/www.hwv-ammerbuch.de\/wp-content\/uploads\/2019\/08\/HWV-AG-Ortsname-1024x576.jpg 1024w, https:\/\/www.hwv-ammerbuch.de\/wp-content\/uploads\/2019\/08\/HWV-AG-Ortsname-300x169.jpg 300w, https:\/\/www.hwv-ammerbuch.de\/wp-content\/uploads\/2019\/08\/HWV-AG-Ortsname-768x432.jpg 768w, https:\/\/www.hwv-ammerbuch.de\/wp-content\/uploads\/2019\/08\/HWV-AG-Ortsname-500x281.jpg 500w, https:\/\/www.hwv-ammerbuch.de\/wp-content\/uploads\/2019\/08\/HWV-AG-Ortsname.jpg 1386w\" sizes=\"auto, (max-width: 1024px) 100vw, 1024px\" \/><figcaption class=\"wp-element-caption\"> <em>Poltringen von Nordosten, Bild: Peter Schneck, Juli 2019<\/em> <\/figcaption><\/figure>\n\n\n\n<p>Die Endung eines Ortsnamens mit -ingen (o.\u00e4. wie -ing, -in, -inge, -en, z.B. Reusten) zeigt an, dass es sich wie bei Poltringen um einen Ort handelt, der als einer der ersten nach dem Abzug der R\u00f6mer aus unserer Region von den nachr\u00fcckenden Alamannen gegr\u00fcndet wurde. Poltringen wurde zwar erst 1191 erstmals schriftlich erw\u00e4hnt, wurde aber ggf. schon im 4. Jahrhundert nach Christus gegr\u00fcndet.<\/p>\n\n\n\n<p>Die Wortendung ist immer mit einer Bezeichnung eines Ortes oder einer Person in Bezug zu sehen. In der Regel bezeichneten die Alamannen ihre D\u00f6rfer nach den Bewohnern, die Bewohner wiederum sind nach dem Sippenoberhaupt oder Ortsgr\u00fcnder genannt. Dies k\u00f6nnte hier ein Bolthar(i), Baldo, Bolder, Baltrun o.\u00e4. gewesen sein. Die Endung \u201e-ingen&#8220; bei Poltringen etwa bezeichnet den Dativ Plural: \u201ebei den Blutsverwandten des Bolthar(i)&#8220; oder \u201ebei den Leuten, die in der von Bolthar(i) gegr\u00fcndeten Siedlung wohnen&#8220;.<\/p>\n\n\n\n<p>Orten mit Endungen wie -heim, &#8211; dorf, -weiler, -stetten, -hausen oder -holz wurden erst sp\u00e4ter gegr\u00fcndet. Da in Ammerbuch sonst alle Ortsteile mit -ingen oder -en enden, ist anzunehmen, dass Breitenholz der am sp\u00e4testen gegr\u00fcndete Ort ist.<\/p>\n\n\n\n<p>Gr\u00fcnde f\u00fcr die Siedlung an diesem Ort war bei Poltringen sicher die Lage an Ammer, das Vorhandensein einer Furt, diverse Quellen, die G\u00fcte des Bodens und die Nachbarschaft zur wahrscheinlich noch in Nutzung befindlichen R\u00f6merstra\u00dfe. Zudem k\u00f6nnte die N\u00e4he zu den Ruinen des r\u00f6mischen Gutshofes, ein etwaiger uralter germanischer Kultplatz unter der heutigen St. Stephanus-Kirche sowie die gesch\u00fctzte Lage im Talausgang, des sich hier verengenden Ammertals, ausschlaggebend f\u00fcr die Wahl der Ortsgr\u00fcndung gewesen sein.<\/p>\n\n\n\n<p>Wer hierzu vertiefende Informationen beitragen kann oder andere Geschichten als \u201eFundst\u00fccke\u201c beitragen m\u00f6chte, kann sich gerne bei unserer AG melden (heimatgeschichte \u00e4t hwv-ammerbuch punkt de).<\/p>\n\n\n\n<p class=\"has-text-align-right\">F\u00fcr die AG \u201ePoltringer Ortsgeschichte\u201c, Boris Dieter<\/p>\n\n\n\n<div style=\"height:100px\" aria-hidden=\"true\" class=\"wp-block-spacer\"><\/div>\n\n\n\n<p class=\"has-medium-font-size\">Funde aus der Poltringer Ortsgeschichte \u2013 \u201eKeltische Grabh\u00fcgel\u201c<\/p>\n\n\n\n<p>Auf dem Schopfenloch am K\u00e4sbachknie gab es fr\u00fcher 12 keltische Grabh\u00fcgel. Diese sind mitterweile aufgrund Planierung durch die landwirtschaftliche Nutzung nicht mehr zu erkennen.<\/p>\n\n\n\n<p>Dort fand man bei Ausgrabungen ca. 1897 bronzene Frauengrabbeilagen \/ Schmuck aus dem 3.\/4. Jhrdt. v. Chr.. Dieser ist heute Privatbesitz der Familie von Ow-Wachendorf und im Freiherrlichen Schlossmuseum in Wachendorf ausgestellt. Eine Besichtigung kann gegen Voranmeldung erfolgen.<\/p>\n\n\n\n<figure class=\"wp-block-image\"><img loading=\"lazy\" decoding=\"async\" width=\"1024\" height=\"635\" src=\"http:\/\/www.hwv-ammerbuch.de\/wp-content\/uploads\/2019\/08\/HWV-AG-Grabh\u00fcgel-1024x635.jpg\" alt=\"\" class=\"wp-image-2445\" srcset=\"https:\/\/www.hwv-ammerbuch.de\/wp-content\/uploads\/2019\/08\/HWV-AG-Grabh\u00fcgel-1024x635.jpg 1024w, https:\/\/www.hwv-ammerbuch.de\/wp-content\/uploads\/2019\/08\/HWV-AG-Grabh\u00fcgel-300x186.jpg 300w, https:\/\/www.hwv-ammerbuch.de\/wp-content\/uploads\/2019\/08\/HWV-AG-Grabh\u00fcgel-768x476.jpg 768w, https:\/\/www.hwv-ammerbuch.de\/wp-content\/uploads\/2019\/08\/HWV-AG-Grabh\u00fcgel-484x300.jpg 484w, https:\/\/www.hwv-ammerbuch.de\/wp-content\/uploads\/2019\/08\/HWV-AG-Grabh\u00fcgel.jpg 1386w\" sizes=\"auto, (max-width: 1024px) 100vw, 1024px\" \/><figcaption class=\"wp-element-caption\"> <em>Boris Dieter, mit freundlicher Genehmigung des Freiherrlichen Schlossmuseums<\/em> <\/figcaption><\/figure>\n\n\n\n<p>Wer hierzu vertiefende Informationen beitragen kann oder andere Geschichten als \u201eFundst\u00fccke\u201c beitragen m\u00f6chte, kann sich gerne bei unserer AG melden (heimatgeschichte \u00e4t hwv-ammerbuch punkt de).<\/p>\n\n\n\n<p class=\"has-text-align-right\">F\u00fcr die AG \u201ePoltringer Ortsgeschichte\u201c, Boris Dieter<\/p>\n","protected":false},"excerpt":{"rendered":"<p>Funde aus der Poltringer Ortsgeschichte \u2013 \u201eWarum hei\u00dft Poltringen &#8222;Poltringen&#8220;?\u201c Die Endung eines Ortsnamens mit -ingen (o.\u00e4. wie -ing, -in, -inge, -en, z.B. Reusten) zeigt an, dass es sich wie bei Poltringen um einen Ort handelt, der als einer der ersten nach dem Abzug der R\u00f6mer aus unserer Region von den nachr\u00fcckenden Alamannen gegr\u00fcndet wurde.Continue reading &rarr;<\/p>\n","protected":false},"author":1,"featured_media":0,"comment_status":"closed","ping_status":"closed","sticky":false,"template":"","format":"standard","meta":{"footnotes":""},"categories":[12],"tags":[],"class_list":["post-2443","post","type-post","status-publish","format-standard","hentry","category-poltringer-heimatgeschichte","no-thumb"],"_links":{"self":[{"href":"https:\/\/www.hwv-ammerbuch.de\/index.php?rest_route=\/wp\/v2\/posts\/2443","targetHints":{"allow":["GET"]}}],"collection":[{"href":"https:\/\/www.hwv-ammerbuch.de\/index.php?rest_route=\/wp\/v2\/posts"}],"about":[{"href":"https:\/\/www.hwv-ammerbuch.de\/index.php?rest_route=\/wp\/v2\/types\/post"}],"author":[{"embeddable":true,"href":"https:\/\/www.hwv-ammerbuch.de\/index.php?rest_route=\/wp\/v2\/users\/1"}],"replies":[{"embeddable":true,"href":"https:\/\/www.hwv-ammerbuch.de\/index.php?rest_route=%2Fwp%2Fv2%2Fcomments&post=2443"}],"version-history":[{"count":2,"href":"https:\/\/www.hwv-ammerbuch.de\/index.php?rest_route=\/wp\/v2\/posts\/2443\/revisions"}],"predecessor-version":[{"id":3058,"href":"https:\/\/www.hwv-ammerbuch.de\/index.php?rest_route=\/wp\/v2\/posts\/2443\/revisions\/3058"}],"wp:attachment":[{"href":"https:\/\/www.hwv-ammerbuch.de\/index.php?rest_route=%2Fwp%2Fv2%2Fmedia&parent=2443"}],"wp:term":[{"taxonomy":"category","embeddable":true,"href":"https:\/\/www.hwv-ammerbuch.de\/index.php?rest_route=%2Fwp%2Fv2%2Fcategories&post=2443"},{"taxonomy":"post_tag","embeddable":true,"href":"https:\/\/www.hwv-ammerbuch.de\/index.php?rest_route=%2Fwp%2Fv2%2Ftags&post=2443"}],"curies":[{"name":"wp","href":"https:\/\/api.w.org\/{rel}","templated":true}]}}