{"id":2441,"date":"2019-08-03T20:53:42","date_gmt":"2019-08-03T20:53:42","guid":{"rendered":"http:\/\/www.hwv-ammerbuch.de\/?p=2441"},"modified":"2019-08-17T20:54:21","modified_gmt":"2019-08-17T20:54:21","slug":"2441","status":"publish","type":"post","link":"https:\/\/www.hwv-ammerbuch.de\/?p=2441","title":{"rendered":""},"content":{"rendered":"\n<p class=\"has-medium-font-size\">Tageswanderung am Sonntag 4.8.19<\/p>\n\n\n\n<p>Wir treffen uns um 10.00 Uhr beim Poltringer Rathaus. Von dort fahren wir in Fahrgemeinschaften zum Sch\u00fctzenhaus M\u00f6nchberg. Am Parkplatz beginnt unsere Wanderung zum Sch\u00f6nbuchturm. Ca. 4 Km und 70 H\u00f6henmeter. Nach dem Turm besteigen, k\u00f6nnen wir im Naturfreundehaus einkehren bevor wir uns auf den R\u00fcckweg machen. R\u00fcckkehr gegen 16.00 Uhr.<\/p>\n\n\n\n<p style=\"text-align:right\">WF: Gerold<\/p>\n","protected":false},"excerpt":{"rendered":"<p>Tageswanderung am Sonntag 4.8.19 Wir treffen uns um 10.00 Uhr beim Poltringer Rathaus. Von dort fahren wir in Fahrgemeinschaften zum Sch\u00fctzenhaus M\u00f6nchberg. Am Parkplatz beginnt unsere Wanderung zum Sch\u00f6nbuchturm. Ca. 4 Km und 70 H\u00f6henmeter. Nach dem Turm besteigen, k\u00f6nnen wir im Naturfreundehaus einkehren bevor wir uns auf den R\u00fcckweg machen. R\u00fcckkehr gegen 16.00 Uhr.Continue reading &rarr;<\/p>\n","protected":false},"author":1,"featured_media":0,"comment_status":"closed","ping_status":"closed","sticky":false,"template":"","format":"standard","meta":{"footnotes":""},"categories":[1],"tags":[],"class_list":["post-2441","post","type-post","status-publish","format-standard","hentry","category-aktuelles","no-thumb"],"_links":{"self":[{"href":"https:\/\/www.hwv-ammerbuch.de\/index.php?rest_route=\/wp\/v2\/posts\/2441","targetHints":{"allow":["GET"]}}],"collection":[{"href":"https:\/\/www.hwv-ammerbuch.de\/index.php?rest_route=\/wp\/v2\/posts"}],"about":[{"href":"https:\/\/www.hwv-ammerbuch.de\/index.php?rest_route=\/wp\/v2\/types\/post"}],"author":[{"embeddable":true,"href":"https:\/\/www.hwv-ammerbuch.de\/index.php?rest_route=\/wp\/v2\/users\/1"}],"replies":[{"embeddable":true,"href":"https:\/\/www.hwv-ammerbuch.de\/index.php?rest_route=%2Fwp%2Fv2%2Fcomments&post=2441"}],"version-history":[{"count":1,"href":"https:\/\/www.hwv-ammerbuch.de\/index.php?rest_route=\/wp\/v2\/posts\/2441\/revisions"}],"predecessor-version":[{"id":2442,"href":"https:\/\/www.hwv-ammerbuch.de\/index.php?rest_route=\/wp\/v2\/posts\/2441\/revisions\/2442"}],"wp:attachment":[{"href":"https:\/\/www.hwv-ammerbuch.de\/index.php?rest_route=%2Fwp%2Fv2%2Fmedia&parent=2441"}],"wp:term":[{"taxonomy":"category","embeddable":true,"href":"https:\/\/www.hwv-ammerbuch.de\/index.php?rest_route=%2Fwp%2Fv2%2Fcategories&post=2441"},{"taxonomy":"post_tag","embeddable":true,"href":"https:\/\/www.hwv-ammerbuch.de\/index.php?rest_route=%2Fwp%2Fv2%2Ftags&post=2441"}],"curies":[{"name":"wp","href":"https:\/\/api.w.org\/{rel}","templated":true}]}}