{"id":2422,"date":"2019-07-09T20:36:37","date_gmt":"2019-07-09T20:36:37","guid":{"rendered":"http:\/\/www.hwv-ammerbuch.de\/?p=2422"},"modified":"2019-08-17T20:45:44","modified_gmt":"2019-08-17T20:45:44","slug":"2422","status":"publish","type":"post","link":"https:\/\/www.hwv-ammerbuch.de\/?p=2422","title":{"rendered":""},"content":{"rendered":"\n<p class=\"has-medium-font-size\">Vereins-Grillfest f\u00fcr alle Mitglieder<\/p>\n\n\n\n<p>Am Samstag 27.07.2019 beginnt ab 14:00 Uhr unser Vereins-Grillfest f\u00fcr alle Mitglieder und Ihre Angeh\u00f6rigen in der Palmbergh\u00fctte. Wir freuen uns auf Euer kommen!  <\/p>\n\n\n\n<p class=\"has-medium-font-size\">Besuch der Bundesgartenschau<\/p>\n\n\n\n<p>P\u00fcnktlich zur Abfahrt trafen sich am Samstag 13 frohgelaunte Wanderfreunde um 7.25 Uhr am Bahnhof in Pf\u00e4ffingen. Unsere Fahrt f\u00fchrte uns nach Herrenberg, dann nach Stuttgart und mit dem ICE weiter nach Heilbronn zur Bundesgartenschau.<\/p>\n\n\n\n<figure class=\"wp-block-image\"><img loading=\"lazy\" decoding=\"async\" width=\"1024\" height=\"646\" src=\"http:\/\/www.hwv-ammerbuch.de\/wp-content\/uploads\/2019\/07\/HWV-Bericht-Buga-1024x646.jpg\" alt=\"\" class=\"wp-image-2426\" srcset=\"https:\/\/www.hwv-ammerbuch.de\/wp-content\/uploads\/2019\/07\/HWV-Bericht-Buga-1024x646.jpg 1024w, https:\/\/www.hwv-ammerbuch.de\/wp-content\/uploads\/2019\/07\/HWV-Bericht-Buga-300x189.jpg 300w, https:\/\/www.hwv-ammerbuch.de\/wp-content\/uploads\/2019\/07\/HWV-Bericht-Buga-768x485.jpg 768w, https:\/\/www.hwv-ammerbuch.de\/wp-content\/uploads\/2019\/07\/HWV-Bericht-Buga-475x300.jpg 475w, https:\/\/www.hwv-ammerbuch.de\/wp-content\/uploads\/2019\/07\/HWV-Bericht-Buga.jpg 2000w\" sizes=\"auto, (max-width: 1024px) 100vw, 1024px\" \/><\/figure>\n\n\n\n<p>Um 11.00 Uhr waren wir zu einer Gartenschauf\u00fchrung angemeldet. Nach 1,5 Std. bei Temperaturen um die 35\u00b0 C wurden wir von Frau&nbsp;M\u00e4rz mit Informationen \u00fcber die Stadtplanung und die Gartenschau informiert. Anschlie\u00dfend hat sich jeder die Zeit so eingeteilt, wie er wollte und sich seine eigenen Schwerpunkte gesetzt. Wie verabredet traf sich die Gruppe um 17.25 Uhr in einem Biergarten au\u00dferhalb der Buga. Nach einem Eiskaffee oder anderem Getr\u00e4nk machten wir uns auf den Heimweg. Da wir mit unserem Kombiticket auf keine spezielle Zugfahrt angewiesen waren, haben wir uns spontan&nbsp;die f\u00fcr uns beste Verbindung rausgesucht und kamen p\u00fcnktlich um 20.32 Uhr in Pf\u00e4ffingen an.<\/p>\n\n\n\n<p>Unsere n\u00e4chste Tour ist am 4. August zum Aussichtsturm im Herrenberger Sch\u00f6nbuch.<\/p>\n\n\n\n<p style=\"text-align:right\">WF: Gerold<\/p>\n\n\n\n<p class=\"has-medium-font-size\">N\u00e4chstes Treffen der Arbeitsgemeinschaft f\u00e4llt aus<\/p>\n\n\n\n<p>Das am 16.07.2019 geplante Treffen der Arbeitsgemeinschaft Poltringer Heimatgeschichte f\u00e4llt aus. Ein neuer Termin wird im Gemeindeboten bekannt gegeben.<\/p>\n","protected":false},"excerpt":{"rendered":"<p>Vereins-Grillfest f\u00fcr alle Mitglieder Am Samstag 27.07.2019 beginnt ab 14:00 Uhr unser Vereins-Grillfest f\u00fcr alle Mitglieder und Ihre Angeh\u00f6rigen in der Palmbergh\u00fctte. Wir freuen uns auf Euer kommen! Besuch der Bundesgartenschau P\u00fcnktlich zur Abfahrt trafen sich am Samstag 13 frohgelaunte Wanderfreunde um 7.25 Uhr am Bahnhof in Pf\u00e4ffingen. Unsere Fahrt f\u00fchrte uns nach Herrenberg, dannContinue reading &rarr;<\/p>\n","protected":false},"author":1,"featured_media":0,"comment_status":"closed","ping_status":"closed","sticky":false,"template":"","format":"standard","meta":{"footnotes":""},"categories":[1],"tags":[],"class_list":["post-2422","post","type-post","status-publish","format-standard","hentry","category-aktuelles","no-thumb"],"_links":{"self":[{"href":"https:\/\/www.hwv-ammerbuch.de\/index.php?rest_route=\/wp\/v2\/posts\/2422","targetHints":{"allow":["GET"]}}],"collection":[{"href":"https:\/\/www.hwv-ammerbuch.de\/index.php?rest_route=\/wp\/v2\/posts"}],"about":[{"href":"https:\/\/www.hwv-ammerbuch.de\/index.php?rest_route=\/wp\/v2\/types\/post"}],"author":[{"embeddable":true,"href":"https:\/\/www.hwv-ammerbuch.de\/index.php?rest_route=\/wp\/v2\/users\/1"}],"replies":[{"embeddable":true,"href":"https:\/\/www.hwv-ammerbuch.de\/index.php?rest_route=%2Fwp%2Fv2%2Fcomments&post=2422"}],"version-history":[{"count":6,"href":"https:\/\/www.hwv-ammerbuch.de\/index.php?rest_route=\/wp\/v2\/posts\/2422\/revisions"}],"predecessor-version":[{"id":2430,"href":"https:\/\/www.hwv-ammerbuch.de\/index.php?rest_route=\/wp\/v2\/posts\/2422\/revisions\/2430"}],"wp:attachment":[{"href":"https:\/\/www.hwv-ammerbuch.de\/index.php?rest_route=%2Fwp%2Fv2%2Fmedia&parent=2422"}],"wp:term":[{"taxonomy":"category","embeddable":true,"href":"https:\/\/www.hwv-ammerbuch.de\/index.php?rest_route=%2Fwp%2Fv2%2Fcategories&post=2422"},{"taxonomy":"post_tag","embeddable":true,"href":"https:\/\/www.hwv-ammerbuch.de\/index.php?rest_route=%2Fwp%2Fv2%2Ftags&post=2422"}],"curies":[{"name":"wp","href":"https:\/\/api.w.org\/{rel}","templated":true}]}}