{"id":2420,"date":"2019-07-05T21:12:07","date_gmt":"2019-07-05T21:12:07","guid":{"rendered":"http:\/\/www.hwv-ammerbuch.de\/?p=2420"},"modified":"2019-07-05T21:12:07","modified_gmt":"2019-07-05T21:12:07","slug":"2420","status":"publish","type":"post","link":"https:\/\/www.hwv-ammerbuch.de\/?p=2420","title":{"rendered":""},"content":{"rendered":"\n<p class=\"has-medium-font-size\">Vorschau Juli und August<\/p>\n\n\n\n<ul class=\"wp-block-list\"><li>27.07.2019    Vereins-Grillfest in der Palmbergh\u00fctte<\/li><li>04.08.2019    Tageswanderung (Gerold) Sch\u00f6nbuchturm, Herrenberg <\/li><\/ul>\n\n\n\n<p class=\"has-medium-font-size\">N\u00e4chstes Treffen der Arbeitsgemeinschaft f\u00e4llt aus<\/p>\n\n\n\n<p>Das am 16.07.2019 geplante Treffen der Arbeitsgemeinschaft Poltringer Heimatgeschichte f\u00e4llt aus. Ein neuer Termin wird im Gemeindeboten bekannt gegeben.<\/p>\n\n\n\n<p style=\"text-align:right\">Katrin Flaisch | Schriftf\u00fchrerin <\/p>\n","protected":false},"excerpt":{"rendered":"<p>Vorschau Juli und August 27.07.2019 Vereins-Grillfest in der Palmbergh\u00fctte 04.08.2019 Tageswanderung (Gerold) Sch\u00f6nbuchturm, Herrenberg N\u00e4chstes Treffen der Arbeitsgemeinschaft f\u00e4llt aus Das am 16.07.2019 geplante Treffen der Arbeitsgemeinschaft Poltringer Heimatgeschichte f\u00e4llt aus. Ein neuer Termin wird im Gemeindeboten bekannt gegeben. Katrin Flaisch | Schriftf\u00fchrerin<\/p>\n","protected":false},"author":1,"featured_media":0,"comment_status":"closed","ping_status":"closed","sticky":false,"template":"","format":"standard","meta":{"footnotes":""},"categories":[1],"tags":[],"class_list":["post-2420","post","type-post","status-publish","format-standard","hentry","category-aktuelles","no-thumb"],"_links":{"self":[{"href":"https:\/\/www.hwv-ammerbuch.de\/index.php?rest_route=\/wp\/v2\/posts\/2420","targetHints":{"allow":["GET"]}}],"collection":[{"href":"https:\/\/www.hwv-ammerbuch.de\/index.php?rest_route=\/wp\/v2\/posts"}],"about":[{"href":"https:\/\/www.hwv-ammerbuch.de\/index.php?rest_route=\/wp\/v2\/types\/post"}],"author":[{"embeddable":true,"href":"https:\/\/www.hwv-ammerbuch.de\/index.php?rest_route=\/wp\/v2\/users\/1"}],"replies":[{"embeddable":true,"href":"https:\/\/www.hwv-ammerbuch.de\/index.php?rest_route=%2Fwp%2Fv2%2Fcomments&post=2420"}],"version-history":[{"count":1,"href":"https:\/\/www.hwv-ammerbuch.de\/index.php?rest_route=\/wp\/v2\/posts\/2420\/revisions"}],"predecessor-version":[{"id":2421,"href":"https:\/\/www.hwv-ammerbuch.de\/index.php?rest_route=\/wp\/v2\/posts\/2420\/revisions\/2421"}],"wp:attachment":[{"href":"https:\/\/www.hwv-ammerbuch.de\/index.php?rest_route=%2Fwp%2Fv2%2Fmedia&parent=2420"}],"wp:term":[{"taxonomy":"category","embeddable":true,"href":"https:\/\/www.hwv-ammerbuch.de\/index.php?rest_route=%2Fwp%2Fv2%2Fcategories&post=2420"},{"taxonomy":"post_tag","embeddable":true,"href":"https:\/\/www.hwv-ammerbuch.de\/index.php?rest_route=%2Fwp%2Fv2%2Ftags&post=2420"}],"curies":[{"name":"wp","href":"https:\/\/api.w.org\/{rel}","templated":true}]}}