{"id":2404,"date":"2019-06-15T22:33:31","date_gmt":"2019-06-15T22:33:31","guid":{"rendered":"http:\/\/www.hwv-ammerbuch.de\/?p=2404"},"modified":"2019-06-15T22:35:29","modified_gmt":"2019-06-15T22:35:29","slug":"2404","status":"publish","type":"post","link":"https:\/\/www.hwv-ammerbuch.de\/?p=2404","title":{"rendered":""},"content":{"rendered":"\n<p class=\"has-medium-font-size\">Sonnwendfeier<\/p>\n\n\n\n<p>Unsere diesj\u00e4hrige Sonnwendfeier findet am Freitag 21. Juni 2019 auf dem Palmberg statt. Beginn ist um 19 Uhr. Bei Einbruch der Dunkelheit wollen wir einen Kinder-Fackelzug mit anschlie\u00dfender Entz\u00fcndung des Sonnwendfeuers durch die Kinder starten. Mit gemeinsamem Singen am Feuer wollen wir noch eine Weile gem\u00fctlich beisammen sein. F\u00fcr das leibliche Wohl wird gesorgt.<\/p>\n\n\n\n<div class=\"wp-block-image\"><figure class=\"aligncenter\"><img loading=\"lazy\" decoding=\"async\" width=\"500\" height=\"703\" src=\"http:\/\/www.hwv-ammerbuch.de\/wp-content\/uploads\/2019\/06\/poster_sonnwendfeier_2019.jpg\" alt=\"\" class=\"wp-image-2411\" srcset=\"https:\/\/www.hwv-ammerbuch.de\/wp-content\/uploads\/2019\/06\/poster_sonnwendfeier_2019.jpg 500w, https:\/\/www.hwv-ammerbuch.de\/wp-content\/uploads\/2019\/06\/poster_sonnwendfeier_2019-213x300.jpg 213w\" sizes=\"auto, (max-width: 500px) 100vw, 500px\" \/><\/figure><\/div>\n\n\n\n<p class=\"has-medium-font-size\">Arbeitsgemeinschaft Poltringer Heimatgeschichte erh\u00e4lt gro\u00dfz\u00fcgige Spende von IBM<\/p>\n\n\n\n<figure class=\"wp-block-image\"><a href=\"http:\/\/www.hwv-ammerbuch.de\/wp-content\/uploads\/2019\/06\/HWV-Spende-IBM-Presse.jpg\"><img loading=\"lazy\" decoding=\"async\" width=\"1000\" height=\"667\" src=\"http:\/\/www.hwv-ammerbuch.de\/wp-content\/uploads\/2019\/06\/HWV-Spende-IBM-Presse.jpg\" alt=\"\" class=\"wp-image-2407\" srcset=\"https:\/\/www.hwv-ammerbuch.de\/wp-content\/uploads\/2019\/06\/HWV-Spende-IBM-Presse.jpg 1000w, https:\/\/www.hwv-ammerbuch.de\/wp-content\/uploads\/2019\/06\/HWV-Spende-IBM-Presse-300x200.jpg 300w, https:\/\/www.hwv-ammerbuch.de\/wp-content\/uploads\/2019\/06\/HWV-Spende-IBM-Presse-768x512.jpg 768w, https:\/\/www.hwv-ammerbuch.de\/wp-content\/uploads\/2019\/06\/HWV-Spende-IBM-Presse-450x300.jpg 450w\" sizes=\"auto, (max-width: 1000px) 100vw, 1000px\" \/><\/a><\/figure>\n\n\n\n<p>Im Rahmen der IBM Volunteers Community konnte die Arbeitsgemeinschaft Poltringer Heimatgeschichte Dank der Initiative von Herrn Boris Dieter eine Spende von 1800,-\u20ac entgegen nehmen.<\/p>\n\n\n\n<p>Herr Boris Dieter, der bereits seit einigen Jahren Vortr\u00e4ge zur Poltringer Geschichte machte, schreibt nun regelm\u00e4\u00dfig im Ammerbuch Aktuell unter \u201eFunde aus der Poltringer Ortsgeschichte\u201c interessante Artikel.<\/p>\n\n\n\n<p>Seine Recherchen, Publikationen und Forschungsergebnisse kann man auch auf der Homepage des Heimat- und Wandervereins Ammerbuch (www.hwv-ammerbuch.de) nachlesen.<\/p>\n\n\n\n<p>In unz\u00e4hligen Stunden hat Herr Boris Dieter sich mit der Ortsgeschichte von Poltringen befasst.<\/p>\n\n\n\n<p>Die AG Heimatgeschichte trifft sich regelm\u00e4\u00dfig in der Palmbergh\u00fctte um gemeinsam historische Themen zu besprechen. Die Termine, die im \u201eAmmerbuch Aktuell\u201c ver\u00f6ffentlicht werden, werden von Treffen zu Treffen festgelegt. Dazu ist die gesamte Bev\u00f6lkerung eingeladen.<\/p>\n\n\n\n<p>Bei der \u00dcbergabe der Spende auf dem IBM Campus in Ehningen dankte die 1. Vorsitzende des Heimat-und Wanderverein Ammerbuch e. V., Herrn Boris Dieter f\u00fcr sein Engagement und wies darauf hin, dass durch ihn die Poltringer Ortsgeschichte wieder lebendig wurde.<\/p>\n\n\n\n<p style=\"text-align:right\">\n\nKatrin Flaisch | Schriftf\u00fchrerin\n\n<\/p>\n","protected":false},"excerpt":{"rendered":"<p>Sonnwendfeier Unsere diesj\u00e4hrige Sonnwendfeier findet am Freitag 21. Juni 2019 auf dem Palmberg statt. Beginn ist um 19 Uhr. Bei Einbruch der Dunkelheit wollen wir einen Kinder-Fackelzug mit anschlie\u00dfender Entz\u00fcndung des Sonnwendfeuers durch die Kinder starten. Mit gemeinsamem Singen am Feuer wollen wir noch eine Weile gem\u00fctlich beisammen sein. F\u00fcr das leibliche Wohl wird gesorgt.Continue reading &rarr;<\/p>\n","protected":false},"author":1,"featured_media":0,"comment_status":"closed","ping_status":"closed","sticky":false,"template":"","format":"standard","meta":{"footnotes":""},"categories":[1],"tags":[],"class_list":["post-2404","post","type-post","status-publish","format-standard","hentry","category-aktuelles","no-thumb"],"_links":{"self":[{"href":"https:\/\/www.hwv-ammerbuch.de\/index.php?rest_route=\/wp\/v2\/posts\/2404","targetHints":{"allow":["GET"]}}],"collection":[{"href":"https:\/\/www.hwv-ammerbuch.de\/index.php?rest_route=\/wp\/v2\/posts"}],"about":[{"href":"https:\/\/www.hwv-ammerbuch.de\/index.php?rest_route=\/wp\/v2\/types\/post"}],"author":[{"embeddable":true,"href":"https:\/\/www.hwv-ammerbuch.de\/index.php?rest_route=\/wp\/v2\/users\/1"}],"replies":[{"embeddable":true,"href":"https:\/\/www.hwv-ammerbuch.de\/index.php?rest_route=%2Fwp%2Fv2%2Fcomments&post=2404"}],"version-history":[{"count":5,"href":"https:\/\/www.hwv-ammerbuch.de\/index.php?rest_route=\/wp\/v2\/posts\/2404\/revisions"}],"predecessor-version":[{"id":2413,"href":"https:\/\/www.hwv-ammerbuch.de\/index.php?rest_route=\/wp\/v2\/posts\/2404\/revisions\/2413"}],"wp:attachment":[{"href":"https:\/\/www.hwv-ammerbuch.de\/index.php?rest_route=%2Fwp%2Fv2%2Fmedia&parent=2404"}],"wp:term":[{"taxonomy":"category","embeddable":true,"href":"https:\/\/www.hwv-ammerbuch.de\/index.php?rest_route=%2Fwp%2Fv2%2Fcategories&post=2404"},{"taxonomy":"post_tag","embeddable":true,"href":"https:\/\/www.hwv-ammerbuch.de\/index.php?rest_route=%2Fwp%2Fv2%2Ftags&post=2404"}],"curies":[{"name":"wp","href":"https:\/\/api.w.org\/{rel}","templated":true}]}}