{"id":2386,"date":"2019-05-19T12:29:25","date_gmt":"2019-05-19T12:29:25","guid":{"rendered":"http:\/\/www.hwv-ammerbuch.de\/?p=2386"},"modified":"2019-05-19T12:47:44","modified_gmt":"2019-05-19T12:47:44","slug":"2386","status":"publish","type":"post","link":"https:\/\/www.hwv-ammerbuch.de\/?p=2386","title":{"rendered":""},"content":{"rendered":"\n<h2 class=\"wp-block-heading\"><\/h2>\n\n\n\n<p class=\"has-medium-font-size\">Besuch Jubil\u00e4umsumzug in G\u00fcltstein<\/p>\n\n\n\n<p>Wir fahren am 26.05.2019 vormittags mit dem Zug von Pf\u00e4ffingen aus zum Jubil\u00e4umsumzug nach G\u00fcltstein. Vor dem Umzug wollen wir zum Mittagessen einkehren. Weitere Infos folgen im n\u00e4chsten Amtsblatt.<\/p>\n\n\n\n<p class=\"has-medium-font-size\">Vorschau Juni und Juli<\/p>\n\n\n\n<ul class=\"wp-block-list\"><li>21.06. Sonnwendfeier auf dem Palmberg<\/li><li>29.06. Besuch der Bundesgartenschau in Heilbronn<\/li><li>16.07. Treffen Arbeitsgemeinschaft Poltringer Heimatgeschichte (18 Uhr) mit dem Thema \u201eSchulzeit im Schloss\u201c<\/li><\/ul>\n\n\n\n<p class=\"has-medium-font-size\">Maibaumaufstellen<\/p>\n\n\n\n<p><a href=\"http:\/\/www.hwv-ammerbuch.de\/wp-content\/uploads\/2019\/05\/IMG_5603_fb.jpg\"><img loading=\"lazy\" decoding=\"async\" class=\"alignright size-medium wp-image-2308\" src=\"http:\/\/www.hwv-ammerbuch.de\/wp-content\/uploads\/2019\/05\/IMG_5603_fb.jpg\" width=\"300\" height=\"279\" \/><\/a><p>Bei unserem diesj\u00e4hrigen Maibaumaufstellen (bei sch\u00f6nem Wetter) begr\u00fc\u00dfte unsere 1. Vorsitzende Margot Sailer die zahlreichen Besucher, Ortsvorsteher Reinhold Hess und die Vertreter der \u00f6rtlichen Vereine. Die Freiwillige Feuerwehr Poltringen hatte im Nuh den diesj\u00e4hrigen Maibaum aufgestellt, der in diesem Jahr der Meisterbaum von Frank Cerfontaine war. Der \u201eBlechhaufa\u201c sorgte f\u00fcr die musikalische Unterhaltung. Margot trug ein Fr\u00fchlingsgedicht vor und anschlie\u00dfend wurden gemeinsam Lieder gesungen.<\/p>\n\n\n\n<p style=\"text-align:justify\" class=\"has-medium-font-size\">Palmberghockete<\/p>\n\n\n\n<p style=\"text-align:left\">Am diesj\u00e4hrigen 1. Mai war super Wetter. Mit der musikalischen Unterhaltung durch die Roaler aus Oberndorf und den vielen Besuchern war unsere Palmberghockete ein voller Erfolg verbuchen. Besonders gefreut hat uns der Besuch unserer B\u00fcrgermeisterin. Die flei\u00dfigen Bedienungen, die zwischen H\u00fctte, Zelt und Fallschirm gelaufen sind, hatten alle H\u00e4nde voll zu tun. Zusammen mit den Helfern am Currywurststand, dem Backh\u00e4usle, im Kuchenstand, an der Theke und am Sp\u00fclmobil haben alle gemeinsam den Tag gerockt. Vielen Dank an alle die einen Kuchen gespendet haben und so f\u00fcr eine reichliche Auswahl gesorgt haben. Auch unser Schweinebraten aus dem Backh\u00e4usle war wieder ein voller Erfolg.<\/p>\n\n\n\n<p class=\"has-medium-font-size\">Vielen Dank an die Helferinnen und Helfer<\/p>\n\n\n\n<p>Wir bedanken uns recht herzlich bei den Helferinnen und Helfern die bei den Vorbereitungen, der Durchf\u00fchrung und dem Abbau f\u00fcr das Maibaumaufstellen und die Palmberghockete mit vollem Einsatz dabei waren und zum Gelingen beigetragen haben.<\/p>\n\n\n\n<p style=\"text-align:right\">Katrin Flaisch | Schriftf\u00fchrerin<\/p>\n\n\n\n<p><\/p>\n","protected":false},"excerpt":{"rendered":"<p>Besuch Jubil\u00e4umsumzug in G\u00fcltstein Wir fahren am 26.05.2019 vormittags mit dem Zug von Pf\u00e4ffingen aus zum Jubil\u00e4umsumzug nach G\u00fcltstein. Vor dem Umzug wollen wir zum Mittagessen einkehren. Weitere Infos folgen im n\u00e4chsten Amtsblatt. Vorschau Juni und Juli 21.06. Sonnwendfeier auf dem Palmberg 29.06. Besuch der Bundesgartenschau in Heilbronn 16.07. Treffen Arbeitsgemeinschaft Poltringer Heimatgeschichte (18 Uhr)Continue reading &rarr;<\/p>\n","protected":false},"author":1,"featured_media":0,"comment_status":"closed","ping_status":"closed","sticky":false,"template":"","format":"standard","meta":{"footnotes":""},"categories":[1],"tags":[],"class_list":["post-2386","post","type-post","status-publish","format-standard","hentry","category-aktuelles","no-thumb"],"_links":{"self":[{"href":"https:\/\/www.hwv-ammerbuch.de\/index.php?rest_route=\/wp\/v2\/posts\/2386","targetHints":{"allow":["GET"]}}],"collection":[{"href":"https:\/\/www.hwv-ammerbuch.de\/index.php?rest_route=\/wp\/v2\/posts"}],"about":[{"href":"https:\/\/www.hwv-ammerbuch.de\/index.php?rest_route=\/wp\/v2\/types\/post"}],"author":[{"embeddable":true,"href":"https:\/\/www.hwv-ammerbuch.de\/index.php?rest_route=\/wp\/v2\/users\/1"}],"replies":[{"embeddable":true,"href":"https:\/\/www.hwv-ammerbuch.de\/index.php?rest_route=%2Fwp%2Fv2%2Fcomments&post=2386"}],"version-history":[{"count":5,"href":"https:\/\/www.hwv-ammerbuch.de\/index.php?rest_route=\/wp\/v2\/posts\/2386\/revisions"}],"predecessor-version":[{"id":2395,"href":"https:\/\/www.hwv-ammerbuch.de\/index.php?rest_route=\/wp\/v2\/posts\/2386\/revisions\/2395"}],"wp:attachment":[{"href":"https:\/\/www.hwv-ammerbuch.de\/index.php?rest_route=%2Fwp%2Fv2%2Fmedia&parent=2386"}],"wp:term":[{"taxonomy":"category","embeddable":true,"href":"https:\/\/www.hwv-ammerbuch.de\/index.php?rest_route=%2Fwp%2Fv2%2Fcategories&post=2386"},{"taxonomy":"post_tag","embeddable":true,"href":"https:\/\/www.hwv-ammerbuch.de\/index.php?rest_route=%2Fwp%2Fv2%2Ftags&post=2386"}],"curies":[{"name":"wp","href":"https:\/\/api.w.org\/{rel}","templated":true}]}}