{"id":2354,"date":"2019-04-08T20:40:49","date_gmt":"2019-04-08T20:40:49","guid":{"rendered":"http:\/\/www.hwv-ammerbuch.de\/?p=2354"},"modified":"2023-02-04T20:32:04","modified_gmt":"2023-02-04T20:32:04","slug":"2354","status":"publish","type":"post","link":"https:\/\/www.hwv-ammerbuch.de\/?p=2354","title":{"rendered":""},"content":{"rendered":"<h4><strong>Funde aus der Poltringer Ortsgeschichte \u2013 Kriegsende 1945<\/strong><\/h4>\n<p>F\u00fcr Poltringen endete der 2. Weltkrieg zw\u00f6lf Tage nach dem t\u00f6dlichen Tieffliegerangriff vom 06.04.1945 am\u00a0<strong>19.04.1945 um 10 Uhr<\/strong>. F\u00fcr ganz Deutschland erst 19 Tage sp\u00e4ter. Von Reusten her r\u00fcckte eine Kompanie franz\u00f6sischer Kolonialtruppen aus Marokko in Poltringen ein, besetzte den Ort und beendete f\u00fcr Poltringen den Krieg.<\/p>\n<p>Eine Panzersperre aus Balken auf H\u00f6he der Schmalstelle am Amtshaus des Wasserschlosses wurde zum Gl\u00fcck in der Nacht davor beherzt von Wilhelm G\u00e4ssler und Andreas Schmid, dem Vater des sp\u00e4teren Ortsvorstehers Meinrad Schmid, der wegen starker Kurzsichtigkeit nicht eingezogen worden war, mit einer Kuh entfernt und auf dem Schafstall am Ortseingang eine wei\u00dfe Fahne gehisst. Wurden Panzersperren nicht beseitigt oder sogar verteidigt f\u00fchrte das normalerweise dazu, dass der Ort bis zur Aufgabe oder Zerst\u00f6rung beschossen wurde.<\/p>\n<p>Diese sehr mutige Aktion, die in anderen Orten (z.B. in Heilbronn) mit der Hinrichtungen der Beteiligten auch aus minderem Anlass endete, f\u00fchrte dazu, dass es keine Kampfhandlungen bei der Einnahme des Dorfes gab, nur zwei Personen verletzt wurde und alle Wohngeb\u00e4ude unbesch\u00e4digt blieben. Zudem war in der Nacht auch der zur Verteidigung der Panzersperre abgestellte Volkssturm aus ca. 20 alten M\u00e4nnern und Jugendlichen, der in der Bizenbergerschen Scheune lagerte, abgezogen.<\/p>\n<p><strong>Trotzdem erlitten die etwa 600 Einwohner (davon \u00fcber 60 Fremd- und Zwangsarbeiter sowie franz\u00f6sische Kriegsgefangene) dann in den n\u00e4chsten Tagen \u00dcbergriffe, Pl\u00fcnderungen, Requirierungen und mindestens 12 Vergewaltigungen<\/strong>\u00a0(im gesamten Landkreis sch\u00e4tzt man \u2013 vorsichtig &#8211; bis zu 2.000 Vergewaltigungen durch haupts\u00e4chlich nordafrikanische Soldaten, z.B. in Talheim drei Viertel aller Frauen) bis die Truppen Ende April den Ort wieder verlie\u00dfen. Die Fremd- und Zwangsarbeiter sowie franz\u00f6sischen Kriegsgefangenen waren an \u00dcbergriffen aber nicht beteiligt und sch\u00fctzen in manchen F\u00e4llen Familien vor \u00dcbergriffen, was f\u00fcr ihre gute Behandlung im Ort spricht. Es wurden lediglich NSDAP Mitglieder und einzelne Personen, die diese schlecht behandelt hatten, angezeigt.<\/p>\n<p>Die NSDAP Mitglieder mussten dann sp\u00e4ter auch die am Hailfinger Flugfeld und KZ Au\u00dfenlager in Massengr\u00e4bern verscharrten j\u00fcdischen Zwangsarbeiter (es starben in den 3,5 Monaten der Nutzung des Lagers f\u00fcr diese Gruppe zwei Drittel der etwa 600 Inhaftierten; \u00fcber 200 Leichen liegen dort heute noch in unentdeckten Massengr\u00e4bern) exhumieren und wurden dabei teils von ihren Bewachern aus Entsetzen und Rache schwer misshandelt (zwei Nicht-Poltringer kamen dabei sogar ums Leben). Poltringen in dieser Zeit durchziehende Kolonnen deutscher Kriegsgefangener durften nicht verpflegt werden.\u00a0<strong>Fast 150 Poltringer M\u00e4nner waren zu diesem Zeitpunkt eingezogen, wovon etwa ein Drittel fiel oder vermisst blieb. D.h. es blieb fast jeder zehnte Einwohner und fast jeder vierte erwachsene Mann in Poltringen im Krieg.<\/strong><\/p>\n<p>Weitere Informationen, neben den Zeitzeugenbericht von Meinrad Schmid, sowie Dokumentationen des KZ Au\u00dfenlagers, die f\u00fcr diesen Artikel genutzt wurden, sind in \u201eEinmarsch, Umsturz, Befreiung \u2013 Das Kriegsende im Landkreis T\u00fcbingen Fr\u00fchjahr 1945\u201c von Dr. Sannwald (Hrsg.), 1995, Verlag Schw\u00e4bisches Tagblatt, zu finden.<\/p>\n<p>Wer hier vertiefende Informationen beitragen kann oder andere Geschichten als \u201eFundst\u00fccke\u201c beitragen m\u00f6chte, kann sich gerne bei unserer AG melden (heimatgeschichte \u00e4t hwv-ammerbuch punkt de) oder <strong>am 16.04.2019 um 18 Uhr in die Palmbergh\u00fctte zu unserem Thementreffen \u201eKriegsende\u201c kommen und Fotos und Erlebnisberichte mitbringen.<\/strong><\/p>\n<p style=\"text-align: right;\">F\u00fcr die AG \u201ePoltringer Heimatgeschichte\u201c, Boris Dieter<\/p>\n","protected":false},"excerpt":{"rendered":"<p>Funde aus der Poltringer Ortsgeschichte \u2013 Kriegsende 1945 F\u00fcr Poltringen endete der 2. Weltkrieg zw\u00f6lf Tage nach dem t\u00f6dlichen Tieffliegerangriff vom 06.04.1945 am\u00a019.04.1945 um 10 Uhr. F\u00fcr ganz Deutschland erst 19 Tage sp\u00e4ter. Von Reusten her r\u00fcckte eine Kompanie franz\u00f6sischer Kolonialtruppen aus Marokko in Poltringen ein, besetzte den Ort und beendete f\u00fcr Poltringen den Krieg.Continue reading &rarr;<\/p>\n","protected":false},"author":1,"featured_media":0,"comment_status":"closed","ping_status":"closed","sticky":false,"template":"","format":"standard","meta":{"footnotes":""},"categories":[12],"tags":[],"class_list":["post-2354","post","type-post","status-publish","format-standard","hentry","category-poltringer-heimatgeschichte","no-thumb"],"_links":{"self":[{"href":"https:\/\/www.hwv-ammerbuch.de\/index.php?rest_route=\/wp\/v2\/posts\/2354","targetHints":{"allow":["GET"]}}],"collection":[{"href":"https:\/\/www.hwv-ammerbuch.de\/index.php?rest_route=\/wp\/v2\/posts"}],"about":[{"href":"https:\/\/www.hwv-ammerbuch.de\/index.php?rest_route=\/wp\/v2\/types\/post"}],"author":[{"embeddable":true,"href":"https:\/\/www.hwv-ammerbuch.de\/index.php?rest_route=\/wp\/v2\/users\/1"}],"replies":[{"embeddable":true,"href":"https:\/\/www.hwv-ammerbuch.de\/index.php?rest_route=%2Fwp%2Fv2%2Fcomments&post=2354"}],"version-history":[{"count":4,"href":"https:\/\/www.hwv-ammerbuch.de\/index.php?rest_route=\/wp\/v2\/posts\/2354\/revisions"}],"predecessor-version":[{"id":3018,"href":"https:\/\/www.hwv-ammerbuch.de\/index.php?rest_route=\/wp\/v2\/posts\/2354\/revisions\/3018"}],"wp:attachment":[{"href":"https:\/\/www.hwv-ammerbuch.de\/index.php?rest_route=%2Fwp%2Fv2%2Fmedia&parent=2354"}],"wp:term":[{"taxonomy":"category","embeddable":true,"href":"https:\/\/www.hwv-ammerbuch.de\/index.php?rest_route=%2Fwp%2Fv2%2Fcategories&post=2354"},{"taxonomy":"post_tag","embeddable":true,"href":"https:\/\/www.hwv-ammerbuch.de\/index.php?rest_route=%2Fwp%2Fv2%2Ftags&post=2354"}],"curies":[{"name":"wp","href":"https:\/\/api.w.org\/{rel}","templated":true}]}}