{"id":2345,"date":"2019-03-27T21:45:07","date_gmt":"2019-03-27T21:45:07","guid":{"rendered":"http:\/\/www.hwv-ammerbuch.de\/?p=2345"},"modified":"2023-02-04T20:32:13","modified_gmt":"2023-02-04T20:32:13","slug":"2345","status":"publish","type":"post","link":"https:\/\/www.hwv-ammerbuch.de\/?p=2345","title":{"rendered":""},"content":{"rendered":"<h4><strong>Funde aus der Poltringer Ortsgeschichte \u2013 Wie Poltringen fast an der Landebahn des Flughafens Stuttgart II gelegen h\u00e4tte<\/strong><\/h4>\n<div>\n<p>Da man in der Landesregierung die Kapazit\u00e4ten des Flughafens Stuttgart-Echterdingen bis 1980 sich ersch\u00f6pfen sah, lie\u00df man im Jahre 1970 \/ 71 ein Gutachten zu m\u00f6glichen Alternativstandorten f\u00fcr einen Gro\u00dfflughafen anfertigen.<\/p>\n<p>Hierbei ergaben sich 4 m\u00f6gliche Standorte (Katharinentaler Hof bei Pforzheim, Walddorf im Sch\u00f6nbuch, M\u00f6nsheim und Hailfingen) mit Pr\u00e4ferenz auf M\u00f6nsheim und Hailfingen.<\/p>\n<p>Die Ortschaft Hailfingen w\u00e4re dabei mit dem Flughafenterminal komplett \u00fcberbaut und ausgel\u00f6scht worden sowie von der Ammertalbahn bei Pf\u00e4ffingen abzweigend h\u00e4tte es Bahnlinie an Poltringen vorbei \u00fcber das Terminal bis nach Bondorf und die G\u00e4ubahn gegeben. Die s\u00fcdliche und l\u00e4ngere der beiden Landebahnen h\u00e4tte zwischen Reusten und Oberndorf auf der Anh\u00f6he \u00fcber Poltringen geendet.<\/p>\n<p>Da aber auch vieles f\u00fcr den Ausbau in Stuttgart-Echterdingen sprach, wurde letztendlich dort der Ausbau vorangetrieben und Poltringen \u201eentging\u201c ein internationaler Gro\u00dfflughafen vor der Haust\u00fcr.<\/p>\n<p>Nat\u00fcrlich h\u00e4tte es seinen Reiz gehabt von der S-Bahn-Haltestelle \u201ePoltringen\u201c in 2 min. am Flughafen \u201eStuttgart II\u201c zu sein, aber man mag sich nicht die negativen Folgen f\u00fcr Poltringen und das Ammertal ausdenken (z.B. Flugl\u00e4rm, Verkehrsaufkommen, Zersiedelung, Industrialisierung, Umweltverschmutzung), wenn es direkt an der Poltringer Gemarkung angrenzend einen Gro\u00dfflughafen gegeben h\u00e4tte, direkt hinter Reusten ein Autobahnkreuz zwischen A 81 neu und einer vierspurigen B 28 neu und auf der H\u00f6he zwischen Oberndorf und Reusten direkt \u00fcber der St. Stephanus-Kirche einfliegend im Minutentakt landende und startende Flugzeuge.<\/p>\n<div id=\"attachment_2346\" style=\"width: 310px\" class=\"wp-caption aligncenter\"><a href=\"http:\/\/www.hwv-ammerbuch.de\/wp-content\/uploads\/2019\/03\/HWV-AG-Flughafen-Stuttgart-II.jpg\"><img loading=\"lazy\" decoding=\"async\" aria-describedby=\"caption-attachment-2346\" class=\"size-medium wp-image-2346\" src=\"http:\/\/www.hwv-ammerbuch.de\/wp-content\/uploads\/2019\/03\/HWV-AG-Flughafen-Stuttgart-II-300x224.jpg\" alt=\"Planungskarte Flughafen Stuttgart II, Gutachten Prof. Leutzbach, Kartenteil, Karte 52,1971, Kreisarchiv T\u00fcbingen\" width=\"300\" height=\"224\" srcset=\"https:\/\/www.hwv-ammerbuch.de\/wp-content\/uploads\/2019\/03\/HWV-AG-Flughafen-Stuttgart-II-300x224.jpg 300w, https:\/\/www.hwv-ammerbuch.de\/wp-content\/uploads\/2019\/03\/HWV-AG-Flughafen-Stuttgart-II-1024x767.jpg 1024w, https:\/\/www.hwv-ammerbuch.de\/wp-content\/uploads\/2019\/03\/HWV-AG-Flughafen-Stuttgart-II-400x300.jpg 400w, https:\/\/www.hwv-ammerbuch.de\/wp-content\/uploads\/2019\/03\/HWV-AG-Flughafen-Stuttgart-II.jpg 1386w\" sizes=\"auto, (max-width: 300px) 100vw, 300px\" \/><\/a><p id=\"caption-attachment-2346\" class=\"wp-caption-text\">Planungskarte Flughafen Stuttgart II, Gutachten Prof. Leutzbach, Kartenteil, Karte 52,1971, Kreisarchiv T\u00fcbingen<\/p><\/div>\n<p><em>\u00a0<\/em><\/p>\n<p>Wer hierzu vertiefende Informationen beitragen kann oder andere Geschichten als \u201eFundst\u00fccke\u201c beitragen m\u00f6chte, kann sich gerne bei unserer AG melden (heimatgeschichte \u00e4t hwv-ammerbuch punkt de).<\/p>\n<p style=\"text-align: right;\">F\u00fcr die AG \u201ePoltringer Heimatgeschichte\u201c, Boris Dieter<\/p>\n<\/div>\n","protected":false},"excerpt":{"rendered":"<p>Funde aus der Poltringer Ortsgeschichte \u2013 Wie Poltringen fast an der Landebahn des Flughafens Stuttgart II gelegen h\u00e4tte Da man in der Landesregierung die Kapazit\u00e4ten des Flughafens Stuttgart-Echterdingen bis 1980 sich ersch\u00f6pfen sah, lie\u00df man im Jahre 1970 \/ 71 ein Gutachten zu m\u00f6glichen Alternativstandorten f\u00fcr einen Gro\u00dfflughafen anfertigen. Hierbei ergaben sich 4 m\u00f6gliche StandorteContinue reading &rarr;<\/p>\n","protected":false},"author":1,"featured_media":0,"comment_status":"closed","ping_status":"closed","sticky":false,"template":"","format":"standard","meta":{"footnotes":""},"categories":[12],"tags":[],"class_list":["post-2345","post","type-post","status-publish","format-standard","hentry","category-poltringer-heimatgeschichte","no-thumb"],"_links":{"self":[{"href":"https:\/\/www.hwv-ammerbuch.de\/index.php?rest_route=\/wp\/v2\/posts\/2345","targetHints":{"allow":["GET"]}}],"collection":[{"href":"https:\/\/www.hwv-ammerbuch.de\/index.php?rest_route=\/wp\/v2\/posts"}],"about":[{"href":"https:\/\/www.hwv-ammerbuch.de\/index.php?rest_route=\/wp\/v2\/types\/post"}],"author":[{"embeddable":true,"href":"https:\/\/www.hwv-ammerbuch.de\/index.php?rest_route=\/wp\/v2\/users\/1"}],"replies":[{"embeddable":true,"href":"https:\/\/www.hwv-ammerbuch.de\/index.php?rest_route=%2Fwp%2Fv2%2Fcomments&post=2345"}],"version-history":[{"count":2,"href":"https:\/\/www.hwv-ammerbuch.de\/index.php?rest_route=\/wp\/v2\/posts\/2345\/revisions"}],"predecessor-version":[{"id":3019,"href":"https:\/\/www.hwv-ammerbuch.de\/index.php?rest_route=\/wp\/v2\/posts\/2345\/revisions\/3019"}],"wp:attachment":[{"href":"https:\/\/www.hwv-ammerbuch.de\/index.php?rest_route=%2Fwp%2Fv2%2Fmedia&parent=2345"}],"wp:term":[{"taxonomy":"category","embeddable":true,"href":"https:\/\/www.hwv-ammerbuch.de\/index.php?rest_route=%2Fwp%2Fv2%2Fcategories&post=2345"},{"taxonomy":"post_tag","embeddable":true,"href":"https:\/\/www.hwv-ammerbuch.de\/index.php?rest_route=%2Fwp%2Fv2%2Ftags&post=2345"}],"curies":[{"name":"wp","href":"https:\/\/api.w.org\/{rel}","templated":true}]}}