{"id":2282,"date":"2019-03-05T14:14:20","date_gmt":"2019-03-05T14:14:20","guid":{"rendered":"http:\/\/www.hwv-ammerbuch.de\/?p=2282"},"modified":"2019-03-05T14:14:20","modified_gmt":"2019-03-05T14:14:20","slug":"2282","status":"publish","type":"post","link":"https:\/\/www.hwv-ammerbuch.de\/?p=2282","title":{"rendered":""},"content":{"rendered":"<h2>Einladung zur Jahreshauptversammlung<\/h2>\n<p>Am Freitag 08.03.2019<br \/>\nIn der Palmbergh\u00fctte Poltringen<br \/>\nBeginn: 20:00 Uhr<\/p>\n<p>Tagesordnung:<\/p>\n<p>Begr\u00fc\u00dfung durch die 1. Vorsitzende und Bericht<br \/>\nBericht der Kassiererin<br \/>\nBericht der Kassenpr\u00fcferinnen<br \/>\nBericht der Schriftf\u00fchrerin<br \/>\nBericht des Jugendleiters<br \/>\nBericht des H\u00fcttenwartes<br \/>\nBericht der Kulturwartin<br \/>\nBericht des Wanderwartes<br \/>\nEntlastungen<br \/>\nEhrungen<\/p>\n<p>&#8211; Pause &#8211;<\/p>\n<p>Neuwahlen<br \/>\nAntr\u00e4ge\/Verschiedenes<\/p>\n<p>Antr\u00e4ge zur Tagesordnung sind bis sp\u00e4testens 28.02.2019 an die 1. Vorsitzende Margot Sailer zu richten<\/p>\n<h2>H\u00fcttenbetrieb Dienstagstreff<\/h2>\n<p>Der n\u00e4chste Dienstagstreff findet am 12.03.2019 ab 15:00 Uhr in der Palmbergh\u00fctte statt.\u00a0Auf viele gutgelaunte G\u00e4ste freuen sich Moni, Gabi und Wolfgang.<\/p>\n<p style=\"text-align: right;\"><span style=\"font-weight: 300;\">Katrin Flaisch | Schriftf\u00fchrerin<\/span><\/p>\n","protected":false},"excerpt":{"rendered":"<p>Einladung zur Jahreshauptversammlung Am Freitag 08.03.2019 In der Palmbergh\u00fctte Poltringen Beginn: 20:00 Uhr Tagesordnung: Begr\u00fc\u00dfung durch die 1. Vorsitzende und Bericht Bericht der Kassiererin Bericht der Kassenpr\u00fcferinnen Bericht der Schriftf\u00fchrerin Bericht des Jugendleiters Bericht des H\u00fcttenwartes Bericht der Kulturwartin Bericht des Wanderwartes Entlastungen Ehrungen &#8211; Pause &#8211; Neuwahlen Antr\u00e4ge\/Verschiedenes Antr\u00e4ge zur Tagesordnung sind bis sp\u00e4testensContinue reading &rarr;<\/p>\n","protected":false},"author":1,"featured_media":0,"comment_status":"closed","ping_status":"closed","sticky":false,"template":"","format":"standard","meta":{"footnotes":""},"categories":[1],"tags":[],"class_list":["post-2282","post","type-post","status-publish","format-standard","hentry","category-aktuelles","no-thumb"],"_links":{"self":[{"href":"https:\/\/www.hwv-ammerbuch.de\/index.php?rest_route=\/wp\/v2\/posts\/2282","targetHints":{"allow":["GET"]}}],"collection":[{"href":"https:\/\/www.hwv-ammerbuch.de\/index.php?rest_route=\/wp\/v2\/posts"}],"about":[{"href":"https:\/\/www.hwv-ammerbuch.de\/index.php?rest_route=\/wp\/v2\/types\/post"}],"author":[{"embeddable":true,"href":"https:\/\/www.hwv-ammerbuch.de\/index.php?rest_route=\/wp\/v2\/users\/1"}],"replies":[{"embeddable":true,"href":"https:\/\/www.hwv-ammerbuch.de\/index.php?rest_route=%2Fwp%2Fv2%2Fcomments&post=2282"}],"version-history":[{"count":1,"href":"https:\/\/www.hwv-ammerbuch.de\/index.php?rest_route=\/wp\/v2\/posts\/2282\/revisions"}],"predecessor-version":[{"id":2283,"href":"https:\/\/www.hwv-ammerbuch.de\/index.php?rest_route=\/wp\/v2\/posts\/2282\/revisions\/2283"}],"wp:attachment":[{"href":"https:\/\/www.hwv-ammerbuch.de\/index.php?rest_route=%2Fwp%2Fv2%2Fmedia&parent=2282"}],"wp:term":[{"taxonomy":"category","embeddable":true,"href":"https:\/\/www.hwv-ammerbuch.de\/index.php?rest_route=%2Fwp%2Fv2%2Fcategories&post=2282"},{"taxonomy":"post_tag","embeddable":true,"href":"https:\/\/www.hwv-ammerbuch.de\/index.php?rest_route=%2Fwp%2Fv2%2Ftags&post=2282"}],"curies":[{"name":"wp","href":"https:\/\/api.w.org\/{rel}","templated":true}]}}