{"id":2279,"date":"2019-03-05T14:13:08","date_gmt":"2019-03-05T14:13:08","guid":{"rendered":"http:\/\/www.hwv-ammerbuch.de\/?p=2279"},"modified":"2023-02-04T21:35:25","modified_gmt":"2023-02-04T21:35:25","slug":"2279","status":"publish","type":"post","link":"https:\/\/www.hwv-ammerbuch.de\/?p=2279","title":{"rendered":""},"content":{"rendered":"<h2><b>Funde aus der Poltringer Ortsgeschichte \u2013 Sage des Geist vom Harth\u00e4usle<\/b><\/h2>\n<p><a href=\"http:\/\/www.hwv-ammerbuch.de\/wp-content\/uploads\/2019\/03\/HWV-AG-Harthaeusle.jpg\"><img loading=\"lazy\" decoding=\"async\" class=\"alignright size-full wp-image-2280\" src=\"http:\/\/www.hwv-ammerbuch.de\/wp-content\/uploads\/2019\/03\/HWV-AG-Harthaeusle.jpg\" alt=\"Harthaeusle\" width=\"170\" height=\"228\" \/><\/a>\u201eIm Harth\u00e4usle bei den Linden hauste einst ein Geist, der die Bauern auf den Feldern in allen m\u00f6glichen Formen und Erscheinungen erschreckte und bel\u00e4stigte. Dies ging schlie\u00dflich soweit, dass der Ortspfarrer sich gen\u00f6tigt sah, hier helfend einzuspringen.<\/p>\n<p>In Amtstracht, mit Gebetsbuch, Stola und Weihwasser ausger\u00fcstet, schritt er auf das Harth\u00e4usle zu, sprach seine Gebete, bannte den Geist in einen Weinkrug und schickte ihn in den Sch\u00f6nbuch, worauf der Geist, im Weinkrug versteckt, sich in die L\u00fcfte erhob und in den Sch\u00f6nbuch flog. Seitdem war niemand mehr in dieser Gegend bei der Arbeit von einem Geist bel\u00e4stigt.\u201c<\/p>\n<p>Aus dem &#8222;Heimatbuch Gemeinde Poltringen&#8220; von Florian Bizenberger von 1971, S. 21.<\/p>\n<p>Wer weitere (noch undokumentierte) Poltringer Sagen kennt oder andere Geschichten als \u201eFundst\u00fccke\u201c beitragen m\u00f6chte, kann sich gerne bei unserer AG melden (heimatgeschichte \u00e4t hwv-ammerbuch punkt de).<\/p>\n<p style=\"text-align: right;\">F\u00fcr die AG \u201ePoltringer Heimatgeschichte\u201c, Boris Dieter<\/p>\n","protected":false},"excerpt":{"rendered":"<p>Funde aus der Poltringer Ortsgeschichte \u2013 Sage des Geist vom Harth\u00e4usle \u201eIm Harth\u00e4usle bei den Linden hauste einst ein Geist, der die Bauern auf den Feldern in allen m\u00f6glichen Formen und Erscheinungen erschreckte und bel\u00e4stigte. Dies ging schlie\u00dflich soweit, dass der Ortspfarrer sich gen\u00f6tigt sah, hier helfend einzuspringen. In Amtstracht, mit Gebetsbuch, Stola und WeihwasserContinue reading &rarr;<\/p>\n","protected":false},"author":1,"featured_media":0,"comment_status":"closed","ping_status":"closed","sticky":false,"template":"","format":"standard","meta":{"footnotes":""},"categories":[12],"tags":[],"class_list":["post-2279","post","type-post","status-publish","format-standard","hentry","category-poltringer-heimatgeschichte","no-thumb"],"_links":{"self":[{"href":"https:\/\/www.hwv-ammerbuch.de\/index.php?rest_route=\/wp\/v2\/posts\/2279","targetHints":{"allow":["GET"]}}],"collection":[{"href":"https:\/\/www.hwv-ammerbuch.de\/index.php?rest_route=\/wp\/v2\/posts"}],"about":[{"href":"https:\/\/www.hwv-ammerbuch.de\/index.php?rest_route=\/wp\/v2\/types\/post"}],"author":[{"embeddable":true,"href":"https:\/\/www.hwv-ammerbuch.de\/index.php?rest_route=\/wp\/v2\/users\/1"}],"replies":[{"embeddable":true,"href":"https:\/\/www.hwv-ammerbuch.de\/index.php?rest_route=%2Fwp%2Fv2%2Fcomments&post=2279"}],"version-history":[{"count":2,"href":"https:\/\/www.hwv-ammerbuch.de\/index.php?rest_route=\/wp\/v2\/posts\/2279\/revisions"}],"predecessor-version":[{"id":3059,"href":"https:\/\/www.hwv-ammerbuch.de\/index.php?rest_route=\/wp\/v2\/posts\/2279\/revisions\/3059"}],"wp:attachment":[{"href":"https:\/\/www.hwv-ammerbuch.de\/index.php?rest_route=%2Fwp%2Fv2%2Fmedia&parent=2279"}],"wp:term":[{"taxonomy":"category","embeddable":true,"href":"https:\/\/www.hwv-ammerbuch.de\/index.php?rest_route=%2Fwp%2Fv2%2Fcategories&post=2279"},{"taxonomy":"post_tag","embeddable":true,"href":"https:\/\/www.hwv-ammerbuch.de\/index.php?rest_route=%2Fwp%2Fv2%2Ftags&post=2279"}],"curies":[{"name":"wp","href":"https:\/\/api.w.org\/{rel}","templated":true}]}}