{"id":2273,"date":"2019-03-05T14:00:28","date_gmt":"2019-03-05T14:00:28","guid":{"rendered":"http:\/\/www.hwv-ammerbuch.de\/?p=2273"},"modified":"2023-02-04T20:33:28","modified_gmt":"2023-02-04T20:33:28","slug":"2273","status":"publish","type":"post","link":"https:\/\/www.hwv-ammerbuch.de\/?p=2273","title":{"rendered":""},"content":{"rendered":"<h2>Funde aus der Poltringer Ortsgeschichte \u2013 Wie Poltringen fast Ammerbuchs \u201eHauptstadt\u201c geworden w\u00e4re<\/h2>\n<div id=\"attachment_2276\" style=\"width: 310px\" class=\"wp-caption alignright\"><a href=\"http:\/\/www.hwv-ammerbuch.de\/wp-content\/uploads\/2019\/03\/HWV-AG-Hauptstadt-Poltringen-.png\"><img loading=\"lazy\" decoding=\"async\" aria-describedby=\"caption-attachment-2276\" class=\"size-medium wp-image-2276\" src=\"http:\/\/www.hwv-ammerbuch.de\/wp-content\/uploads\/2019\/03\/HWV-AG-Hauptstadt-Poltringen--300x212.png\" alt=\"Planskizze von 1995, mindestens in den 70er Jahren gab es ebenfalls einen Entwurf\" width=\"300\" height=\"212\" srcset=\"https:\/\/www.hwv-ammerbuch.de\/wp-content\/uploads\/2019\/03\/HWV-AG-Hauptstadt-Poltringen--300x212.png 300w, https:\/\/www.hwv-ammerbuch.de\/wp-content\/uploads\/2019\/03\/HWV-AG-Hauptstadt-Poltringen--1024x723.png 1024w, https:\/\/www.hwv-ammerbuch.de\/wp-content\/uploads\/2019\/03\/HWV-AG-Hauptstadt-Poltringen--424x300.png 424w, https:\/\/www.hwv-ammerbuch.de\/wp-content\/uploads\/2019\/03\/HWV-AG-Hauptstadt-Poltringen-.png 1200w\" sizes=\"auto, (max-width: 300px) 100vw, 300px\" \/><\/a><p id=\"caption-attachment-2276\" class=\"wp-caption-text\">Planskizze von 1995, mindestens in den 70er Jahren gab es ebenfalls einen Entwurf<\/p><\/div>\n<p>Im Zuge der Gebietsreform ab 1968, die zu leistungsf\u00e4higeren Gemeinden f\u00fchren sollte und die 1971 auch die Gr\u00fcndung von Ammerbuch (als erste neue Einheitsgemeinde im Landkreis T\u00fcbingen) erbrachte (f\u00fcr das als Gemeindenamen alternativ damals auch \u201eAmmertal\u201c, \u201eGro\u00dfammern\u201c, \u201eAmmern\u201c oder \u201eHardt\u201c in Diskussion war), war ebenfalls geplant an einem zentralen Standort in Ammerbuch alle zentral\u00f6rtlichen Einrichtungen zusammenzuf\u00fchren. Hierf\u00fcr war zeitweise am n\u00f6rdlichen Rand von Poltringen bei den Sportgel\u00e4nden und der PFC Halle eine umfangreiche Bebauung vorgesehen.<\/p>\n<p>Grund f\u00fcr diese Entscheidung war auch die zentrale Lage Poltringens, da ja sogar zu Beginn der Gemeindereform geplant war, dass auch Unterjesingen und Oberndorf mit zu Ammerbuch geh\u00f6ren sollten, und dann Poltringen noch zentraler gelegen w\u00e4re. Was aufgrund der Lage (Unterjesingen liegt ja direkt bei Pf\u00e4ffingen, aber weit von T\u00fcbingen; Oberndorf war geschichtlich seit seiner Gr\u00fcndung eng mit Poltringen verbunden und auch dort ist es weiter nach Rottenburg als nach Ammerbuch) auch durchaus Sinn gemacht h\u00e4tte.<\/p>\n<p>In einem FAZ Artikel vom 05.07.1975 (\u201cSechs D\u00f6rfer suchen eine Stadt \u2013 Kommunalentwicklung in der Provinz oder Ammerbuch wird doch kein schw\u00e4bisches Brasilia\u201d von Sibylle Krause-Burger) \u00fcber den Zusammenschlussprozess und die Planung der zentral\u00f6rtlichen Einrichtungen wurde ein Poltringer zu den Vorteilen der Lage wie folgt zitiert: \u201e\u2026.dort im landwirtschaftlich schlechtesten Grund w\u00e4r\u00b4 der Weg von Pf\u00e4ffingen net weit, von Entringen net weit, von Altingen und vom Wolfsberg, die k\u00f6nnet in de Hausschuh ronterlaufe und mir Poltringer au.\u201d<\/p>\n<p>Da sich der Einigungsprozess bez\u00fcglich Ammerbuch aber nicht ganz einfach gestaltete und hinzog (Details dazu: \u201eGoldener Z\u00fcgel und Abschlachtpr\u00e4mie\u201c von Dr. Wolfgang Sannwald, in \u201ePersilschein, K\u00e4ferkauf und Abschlachtpr\u00e4mie \u2013 Von Besatzern, Wirtschaftswunder und Reformen im Landkreis T\u00fcbingen\u201c, S. 406 bis 414) und es von Rottenburg und T\u00fcbingen attraktive Avancen Richtung Unterjesingen (z.B. beheiztes Freibad) und Oberndorf gab, entschieden sich diese leider gegen Ammerbuch. Aber auch heute liegt der geografische (\u201ckommunale\u201c) Mittelpunkt der Rath\u00e4user aller 6 Teilgemeinden auf Poltringer Gemarkung westlich des Flugfeldes (Details: https:\/\/ammerbuch.freiewaehler.de\/infos-zu-ammerbuch\/ammerbucher-mittelpunkt\/). Auch ungef\u00e4hr in dieser au\u00dfer\u00f6rtlichen Lage gab es einst Pl\u00e4ne die zentral\u00f6rtlichen Einrichtungen anzusiedeln.<\/p>\n<p>Die geplante Bebauung umfasste:<\/p>\n<ul>\n<li>Rathaus<\/li>\n<li>Kindergarten<\/li>\n<li>Stadion<\/li>\n<li>Festplatz<\/li>\n<li>Sporthalle<\/li>\n<li>Schwimmhalle<\/li>\n<li>Haupt- und F\u00f6rderschule<\/li>\n<li>Realschule<\/li>\n<li>und sogar ein Gymnasium<\/li>\n<\/ul>\n<p>Zur Umsetzung der Pl\u00e4ne kam es dann aber nie, da 1997 ein B\u00fcrgerentscheid den dahingehenden Gemeinderatsbeschlu\u00df aufhob. Es votierten 60 Prozent der Wahlberechtigten gegen den Poltringer Standort. Nur die Poltringer selbst waren mehrheitlich daf\u00fcr, Altingen, Breitenholz, Entringen, Pf\u00e4ffingen und Reusten lehnten ab. So entwickelte sich die gr\u00f6\u00dfte Ortschaft von Ammerbuch, Entringen, zur \u201eHauptstadt\u201c unserer Gemeinde und ist nun auch Standort der neuen Gemeinschaftsschule.<\/p>\n<p>Wer hierzu noch weitere vertiefende Informationen beitragen kann oder andere Geschichten als \u201eFundst\u00fccke\u201c beitragen m\u00f6chte, kann sich gerne bei unserer AG melden (heimatgeschichte \u00e4t hwv-ammerbuch punkt de).<\/p>\n<p style=\"text-align: right;\">F\u00fcr die AG \u201ePoltringer Heimatgeschichte\u201c, Boris Dieter<\/p>\n","protected":false},"excerpt":{"rendered":"<p>Funde aus der Poltringer Ortsgeschichte \u2013 Wie Poltringen fast Ammerbuchs \u201eHauptstadt\u201c geworden w\u00e4re Im Zuge der Gebietsreform ab 1968, die zu leistungsf\u00e4higeren Gemeinden f\u00fchren sollte und die 1971 auch die Gr\u00fcndung von Ammerbuch (als erste neue Einheitsgemeinde im Landkreis T\u00fcbingen) erbrachte (f\u00fcr das als Gemeindenamen alternativ damals auch \u201eAmmertal\u201c, \u201eGro\u00dfammern\u201c, \u201eAmmern\u201c oder \u201eHardt\u201c in DiskussionContinue reading &rarr;<\/p>\n","protected":false},"author":1,"featured_media":0,"comment_status":"closed","ping_status":"closed","sticky":false,"template":"","format":"standard","meta":{"footnotes":""},"categories":[12],"tags":[],"class_list":["post-2273","post","type-post","status-publish","format-standard","hentry","category-poltringer-heimatgeschichte","no-thumb"],"_links":{"self":[{"href":"https:\/\/www.hwv-ammerbuch.de\/index.php?rest_route=\/wp\/v2\/posts\/2273","targetHints":{"allow":["GET"]}}],"collection":[{"href":"https:\/\/www.hwv-ammerbuch.de\/index.php?rest_route=\/wp\/v2\/posts"}],"about":[{"href":"https:\/\/www.hwv-ammerbuch.de\/index.php?rest_route=\/wp\/v2\/types\/post"}],"author":[{"embeddable":true,"href":"https:\/\/www.hwv-ammerbuch.de\/index.php?rest_route=\/wp\/v2\/users\/1"}],"replies":[{"embeddable":true,"href":"https:\/\/www.hwv-ammerbuch.de\/index.php?rest_route=%2Fwp%2Fv2%2Fcomments&post=2273"}],"version-history":[{"count":3,"href":"https:\/\/www.hwv-ammerbuch.de\/index.php?rest_route=\/wp\/v2\/posts\/2273\/revisions"}],"predecessor-version":[{"id":3022,"href":"https:\/\/www.hwv-ammerbuch.de\/index.php?rest_route=\/wp\/v2\/posts\/2273\/revisions\/3022"}],"wp:attachment":[{"href":"https:\/\/www.hwv-ammerbuch.de\/index.php?rest_route=%2Fwp%2Fv2%2Fmedia&parent=2273"}],"wp:term":[{"taxonomy":"category","embeddable":true,"href":"https:\/\/www.hwv-ammerbuch.de\/index.php?rest_route=%2Fwp%2Fv2%2Fcategories&post=2273"},{"taxonomy":"post_tag","embeddable":true,"href":"https:\/\/www.hwv-ammerbuch.de\/index.php?rest_route=%2Fwp%2Fv2%2Ftags&post=2273"}],"curies":[{"name":"wp","href":"https:\/\/api.w.org\/{rel}","templated":true}]}}