{"id":2271,"date":"2019-03-05T14:05:09","date_gmt":"2019-03-05T14:05:09","guid":{"rendered":"http:\/\/www.hwv-ammerbuch.de\/?p=2271"},"modified":"2019-03-05T14:05:09","modified_gmt":"2019-03-05T14:05:09","slug":"2271","status":"publish","type":"post","link":"https:\/\/www.hwv-ammerbuch.de\/?p=2271","title":{"rendered":""},"content":{"rendered":"<div>\n<h2>Arbeitseinsatz<\/h2>\n<p>Am Samstag 02.03.2019 wollen wir ab 9 Uhr\u00a0auf dem Palmberg\u00a0an unserer neuen \u00dcberdachung Dachdeckerarbeiten ausf\u00fchren. Jede helfende Hand ist herzlich willkommen.<\/p>\n<h2><b>Einladung zum Kappenabend<\/b><\/h2>\n<p>Der Poltringer Fasnets Club hat uns zum Kappenabend am 02.03.2019 in die PFC Halle eingeladen. Platzreservierungen bitte bei Margot Sailer anmelden.\u00a0<b>Danke<\/b><\/p>\n<p>Allen Helferinnen und Helfern die durch ihren unerm\u00fcdlichen Einsatz beim Auf- und Abbauen des Verpflegungsstandes zum PFC Umzug und bei der Bewirtung am Sonntag w\u00e4hrend des Umzuges zu einem reibungslosen Ablauf beitrugen und nat\u00fcrlich auch den Wirtsleuten der Palmbergh\u00fctte sei hier ein gro\u00dfes Dankesch\u00f6n gesagt.<\/p>\n<h2><b>Einladung zur Jahreshauptversammlung<\/b><\/h2>\n<p>Am Freitag 08.03.2019<br \/>\nIn der Palmbergh\u00fctte Poltringen<br \/>\nBeginn: 20:00 Uhr<\/p>\n<p>Tagesordnung:<\/p>\n<ol>\n<li>Begr\u00fc\u00dfung durch die 1. Vorsitzende und Bericht<\/li>\n<li>Bericht der Kassiererin<\/li>\n<li>Bericht der Kassenpr\u00fcferinnen<\/li>\n<li>Bericht der Schriftf\u00fchrerin<\/li>\n<li>Bericht des Jugendleiters<\/li>\n<li>Bericht des H\u00fcttenwartes<\/li>\n<li>Bericht der Kulturwartin<\/li>\n<li>Bericht des Wanderwartes<\/li>\n<li>Entlastungen<\/li>\n<li>Ehrungen<\/li>\n<\/ol>\n<p>&#8211; Pause &#8211;<\/p>\n<ol start=\"11\">\n<li>Neuwahlen<\/li>\n<li>Antr\u00e4ge\/Verschiedenes<\/li>\n<\/ol>\n<p>Antr\u00e4ge zur Tagesordnung sind bis sp\u00e4testens 28.02.2019 an die 1. Vorsitzende Margot Sailer zu richten<\/p>\n<\/div>\n<div style=\"text-align: right;\">Katrin Flaisch | Schriftf\u00fchrerin<\/div>\n","protected":false},"excerpt":{"rendered":"<p>Arbeitseinsatz Am Samstag 02.03.2019 wollen wir ab 9 Uhr\u00a0auf dem Palmberg\u00a0an unserer neuen \u00dcberdachung Dachdeckerarbeiten ausf\u00fchren. Jede helfende Hand ist herzlich willkommen. Einladung zum Kappenabend Der Poltringer Fasnets Club hat uns zum Kappenabend am 02.03.2019 in die PFC Halle eingeladen. Platzreservierungen bitte bei Margot Sailer anmelden.\u00a0Danke Allen Helferinnen und Helfern die durch ihren unerm\u00fcdlichen EinsatzContinue reading &rarr;<\/p>\n","protected":false},"author":1,"featured_media":0,"comment_status":"closed","ping_status":"closed","sticky":false,"template":"","format":"standard","meta":{"footnotes":""},"categories":[1],"tags":[],"class_list":["post-2271","post","type-post","status-publish","format-standard","hentry","category-aktuelles","no-thumb"],"_links":{"self":[{"href":"https:\/\/www.hwv-ammerbuch.de\/index.php?rest_route=\/wp\/v2\/posts\/2271","targetHints":{"allow":["GET"]}}],"collection":[{"href":"https:\/\/www.hwv-ammerbuch.de\/index.php?rest_route=\/wp\/v2\/posts"}],"about":[{"href":"https:\/\/www.hwv-ammerbuch.de\/index.php?rest_route=\/wp\/v2\/types\/post"}],"author":[{"embeddable":true,"href":"https:\/\/www.hwv-ammerbuch.de\/index.php?rest_route=\/wp\/v2\/users\/1"}],"replies":[{"embeddable":true,"href":"https:\/\/www.hwv-ammerbuch.de\/index.php?rest_route=%2Fwp%2Fv2%2Fcomments&post=2271"}],"version-history":[{"count":1,"href":"https:\/\/www.hwv-ammerbuch.de\/index.php?rest_route=\/wp\/v2\/posts\/2271\/revisions"}],"predecessor-version":[{"id":2272,"href":"https:\/\/www.hwv-ammerbuch.de\/index.php?rest_route=\/wp\/v2\/posts\/2271\/revisions\/2272"}],"wp:attachment":[{"href":"https:\/\/www.hwv-ammerbuch.de\/index.php?rest_route=%2Fwp%2Fv2%2Fmedia&parent=2271"}],"wp:term":[{"taxonomy":"category","embeddable":true,"href":"https:\/\/www.hwv-ammerbuch.de\/index.php?rest_route=%2Fwp%2Fv2%2Fcategories&post=2271"},{"taxonomy":"post_tag","embeddable":true,"href":"https:\/\/www.hwv-ammerbuch.de\/index.php?rest_route=%2Fwp%2Fv2%2Ftags&post=2271"}],"curies":[{"name":"wp","href":"https:\/\/api.w.org\/{rel}","templated":true}]}}