{"id":2269,"date":"2018-09-12T20:00:18","date_gmt":"2018-09-12T20:00:18","guid":{"rendered":"http:\/\/www.hwv-ammerbuch.de\/?p=2269"},"modified":"2023-02-04T21:37:31","modified_gmt":"2023-02-04T21:37:31","slug":"2269","status":"publish","type":"post","link":"https:\/\/www.hwv-ammerbuch.de\/?p=2269","title":{"rendered":""},"content":{"rendered":"<h2><strong>Einladung<\/strong><\/h2>\n<p>Das erste Treffen im Juni 2018 war ein voller Erfolg. Niemand ahnte damals, dass\u00a0zum Tag des Denkmals am 9. September in die Schlossscheune so viele Besucher kommen w\u00fcrden. Dank Meinrad Schmid und seinen Helfern konnten nicht nur Dreschmaschinen aus verschiedenen zeitlichen Epochen sondern auch ein kleines Heimatmuseum besichtigt werden.<br \/>\nAuch bei unserem n\u00e4chsten Treffen werden wir wieder Geschichten und Erz\u00e4hlungen aus &#8222;fr\u00fcheren Zeiten&#8220; h\u00f6ren. Wer m\u00f6chte, kann alte Bilder mitbringen. Wer hat noch alte Fotos von der Schlossscheune?<\/p>\n<p><strong>Alle- ob &#8222;Poltinger&#8220; oder &#8222;Zugezogene&#8220; sind recht herzlich zu diesem Treffen am Dienstag, den 18. September um 20.00 Uhr in die Palmbergh\u00fctte eingeladen<\/strong><\/p>\n<p>Heimat- und Wanderverein Ammerbuch e. V.<br \/>\nArbeitsgemeinschaft Poltringer Ortsgeschichte<\/p>\n<h2>Stark besuchter 1. Poltringer \u201eTag des offenen Denkmals\u201c rund um die Schlossscheuer Poltringen<\/h2>\n<p><a href=\"http:\/\/www.hwv-ammerbuch.de\/wp-content\/uploads\/2018\/09\/HWV-AG-Tag-des-Offenen-Denkmals.jpg\"><img loading=\"lazy\" decoding=\"async\" src=\"http:\/\/www.hwv-ammerbuch.de\/wp-content\/uploads\/2018\/09\/HWV-AG-Tag-des-Offenen-Denkmals-224x300.jpg\" alt=\"HWV AG Tag des Offenen Denkmals\" width=\"224\" height=\"300\" \/><\/a>Als erste Aktion, der im Fr\u00fchjahr 2018 unter der Leitung von Margot Sailer gegr\u00fcndeten AG \u201ePoltringer Heimatgeschichte\u201c, fand am 09.09.18 anl\u00e4sslich des bundesweiten \u201eTag des offenen Denkmals\u201c ab 11 Uhr ein ortsgeschichtlicher Tag (der einzige in Ammerbuch) rund um die im Gemeindebesitz befindliche Schlossscheuer statt.<br \/>\nBei herrlichem Sommerwetter konnte der Organisator Meinrad Schmid und sein Helferteam u.a. zu den zwei anberaumten F\u00fchrungen zu deren gro\u00dfer Freude \u00fcber 250 Interessierte aus Poltringen, Ammerbuch und dem Umland begr\u00fc\u00dfen. Daher konnten wegen der Menge auch nicht die geplanten F\u00fchrungen durchgef\u00fchrt werden, da daf\u00fcr die zu besuchenden R\u00e4umlichkeiten zu eng gewesen w\u00e4ren und wurden durch je eine geschichtliche Einf\u00fchrung durch Meinrad Schmid und Boris Dieter ersetzt.<br \/>\nDies f\u00fchrte auch dazu, dass schon mittags Rote Wurst und Br\u00f6tchen aus waren, da auch der JCP \u2013 Jugendclub Poltringen, der erfreulicherweise kurzfristig das Catering \u00fcbernommen hatte, von dem Andrang \u00fcberrascht war. Kuchen und Getr\u00e4nke waren aber in gro\u00dfer Auswahl, wohl gek\u00fchlt und ausreichend vorhanden und fanden guten Absatz.<br \/>\nEs konnten das durch den M\u00fchlebesitzer Christoph Holz freundlicherweise zug\u00e4nglich gemachte M\u00fchlrad in Aktion besichtigt werden, in den uralten Schlossscheuerkeller hinabgestiegen werden, der Farrenstall und die dort ausgestellten und sonst in den oberen Stockwerken der Schlossscheuer lagernden ortgeschichtlichen Exponate der Museumssammlung des B\u00fcrgervereins Ammerbuch e.V. besichtigt werden. Zudem gab es in der Schlossscheuerremise neben k\u00fchlen Sitzgelegenheiten und der, \u00fcber sechs (!) Stockwerke bis unters Dach reichenden, 30 m Leiter (Amtsblatt-) Artikel, Bilder und Pr\u00e4sentationen \u00fcber Schlossscheuer, Schlosskauf\/-verkauf, Schlossscheuerbrand und generell die Poltringer Ortsgeschichte zu finden. Vor der Schlossscheuer konnten Maschinen und Ger\u00e4tschaften zu \u201e100 Jahre Dreschen\u201c besichtigt werden; von einer modernen vollautomatischen Dreschmaschine bis zu Handflegeln, die auch in einem Vierrerteam zweimal eindrucksvoll vorgef\u00fchrt wurden.<br \/>\nAbgerundet wurde der Tag durch eine nachmitt\u00e4gliche Musiksession mit dem Musikerpaar J\u00fcrgen Sturm &amp; Mary Jane inklusive Absingen des \u201ePoltringer Heimatliedes\u201c, einem Hanomag-Traktor von 1937 (von Wolfgang St\u00f6hr), dem Besuch eines Falkners mit zwei Wanderfalken und der Pr\u00e4senz unserer B\u00fcrgermeisterin Christl Halm. Um 17 Uhr verlie\u00dfen dann die letzten zufriedenen Besucher das Gel\u00e4nde und der Abbau konnte beginnen.<br \/>\nDie Besucher waren auch so spendenfreudig, dass noch ungedeckte Unkosten durch deren Spenden abgedeckt werden konnten. Weitere Kosten \u00fcbernahm im Vorfeld hilfreicherweise der B\u00fcrgerverein Ammerbuch e.V..<br \/>\nIn Planung ist in Zusammenarbeit mit den privaten Eigent\u00fcmern ggf. den Bundesdenkmaltag 2019 dem Poltringer Wasserschloss zu widmen.<br \/>\nBesonderer Dank ist neben Meinrad Schmid folgenden Helfern zu zollen, die zudem Urkunden, Verpflegungsgutscheine und Ammert\u00e4ler Wein zum Dank erhielten: Melchior Hartmann, Josef Baur, Theo Hartmann, Berta Schluttenhofer, Rose Hartmann, Rudolf Wellh\u00e4user, Alfred Baur, Albrecht Sailer, Gerold Sailer, Elsbeth Holz (Spinnen), J\u00f6rg Holz (Dengeln) und Willi Friedrich.<br \/>\nHilfreich war auch die kostenfreie Unterst\u00fctzung der \u201eStiftung Denkmalschutz\u201c mit Prospekten, Magazinen, Aufklebern, Urkunden und Plakaten sowie von Ortsvorsteher Reinhold Hess und die Gemeindeverwaltung f\u00fcr die Aktion.<br \/>\nWer sich dadurch motiviert aktiv zum Thema Heimatgeschichte einbringen m\u00f6chte oder Fragen hat, kann sich gerne an diese E-Mail-Adresse wenden: heimatgeschichte \u00e4t hwv-ammerbuch punkt de.<\/p>\n<p>F\u00fcr die AG \u201ePoltringer Heimatgeschichte\u201c, Boris Dieter<\/p>\n","protected":false},"excerpt":{"rendered":"<p>Einladung Das erste Treffen im Juni 2018 war ein voller Erfolg. Niemand ahnte damals, dass\u00a0zum Tag des Denkmals am 9. September in die Schlossscheune so viele Besucher kommen w\u00fcrden. Dank Meinrad Schmid und seinen Helfern konnten nicht nur Dreschmaschinen aus verschiedenen zeitlichen Epochen sondern auch ein kleines Heimatmuseum besichtigt werden. Auch bei unserem n\u00e4chsten TreffenContinue reading &rarr;<\/p>\n","protected":false},"author":1,"featured_media":0,"comment_status":"closed","ping_status":"closed","sticky":false,"template":"","format":"standard","meta":{"footnotes":""},"categories":[1],"tags":[],"class_list":["post-2269","post","type-post","status-publish","format-standard","hentry","category-aktuelles","no-thumb"],"_links":{"self":[{"href":"https:\/\/www.hwv-ammerbuch.de\/index.php?rest_route=\/wp\/v2\/posts\/2269","targetHints":{"allow":["GET"]}}],"collection":[{"href":"https:\/\/www.hwv-ammerbuch.de\/index.php?rest_route=\/wp\/v2\/posts"}],"about":[{"href":"https:\/\/www.hwv-ammerbuch.de\/index.php?rest_route=\/wp\/v2\/types\/post"}],"author":[{"embeddable":true,"href":"https:\/\/www.hwv-ammerbuch.de\/index.php?rest_route=\/wp\/v2\/users\/1"}],"replies":[{"embeddable":true,"href":"https:\/\/www.hwv-ammerbuch.de\/index.php?rest_route=%2Fwp%2Fv2%2Fcomments&post=2269"}],"version-history":[{"count":2,"href":"https:\/\/www.hwv-ammerbuch.de\/index.php?rest_route=\/wp\/v2\/posts\/2269\/revisions"}],"predecessor-version":[{"id":3062,"href":"https:\/\/www.hwv-ammerbuch.de\/index.php?rest_route=\/wp\/v2\/posts\/2269\/revisions\/3062"}],"wp:attachment":[{"href":"https:\/\/www.hwv-ammerbuch.de\/index.php?rest_route=%2Fwp%2Fv2%2Fmedia&parent=2269"}],"wp:term":[{"taxonomy":"category","embeddable":true,"href":"https:\/\/www.hwv-ammerbuch.de\/index.php?rest_route=%2Fwp%2Fv2%2Fcategories&post=2269"},{"taxonomy":"post_tag","embeddable":true,"href":"https:\/\/www.hwv-ammerbuch.de\/index.php?rest_route=%2Fwp%2Fv2%2Ftags&post=2269"}],"curies":[{"name":"wp","href":"https:\/\/api.w.org\/{rel}","templated":true}]}}