{"id":2263,"date":"2018-10-16T22:25:16","date_gmt":"2018-10-16T22:25:16","guid":{"rendered":"http:\/\/www.hwv-ammerbuch.de\/?p=2263"},"modified":"2023-02-04T21:36:48","modified_gmt":"2023-02-04T21:36:48","slug":"2263","status":"publish","type":"post","link":"https:\/\/www.hwv-ammerbuch.de\/?p=2263","title":{"rendered":""},"content":{"rendered":"<h2>Zweites Treffen der &#8222;Arbeitsgemeinschaft Poltringer Heimatgeschichte&#8220;<\/h2>\n<p>Am 18.09.2018 traf sich die Arbeitsgemeinschaft Poltringer Heimatgeschichte zum zweiten Mal, dabei gesellten sich neue Geschichtsinteressierte hinzu. Boris Dieter und Meinrad Schmid berichteten vom erfolgreichen Tag des Offenen Denkmals.<br \/>\nIntensiv wurde auch \u00fcber den drohenden Verkauf der Schlossscheuer gesprochen. Ziel soll sein, so waren sich alle einig, die Schlossscheuer als historisches Geb\u00e4ude in Poltringen zu erhalten und einen Verkauf abzuwenden.<br \/>\nF\u00fcr das Projekt Katalogisierung der \u201eSchlossscheuersch\u00e4tze\u201c fand sich erfreulicherweise ein Viererteam.<br \/>\nDie Anwesenden waren sich einig, dass Erz\u00e4hlungen, Geschichten oder Erlebnisse von fr\u00fcher in Schriftform oder als Tonaufnahme f\u00fcr sp\u00e4tere Generationen erhalten werden sollten. Wir laden alle Poltringer ein, bei diesem Projekt mitzumachen. Kennen Sie interessante Geschichten, Erlebnisse oder Erz\u00e4hlungen von fr\u00fcher? Dann schicken Sie sie sehr gerne an heimatgeschichte \u00e4t hwv-ammerbuch punkt de oder an Margot Sailer, Pfalzgrafenring 5 bzw. Tel. 07073\/2127.<\/p>\n<p>Als n\u00e4chstes Treffen wurde der 27.11.2018 um 20 Uhr in der Palmbergh\u00fctte vereinbart. Wer bei ortsgeschichtlichen Themen aktiv mitarbeiten will, ist hierzu herzlich eingeladen. Die Arbeitsgemeinschaft freut sich immer \u00fcber das Beisteuern von Bildern und Geschichten.<\/p>\n<h2>\u00d6ffnung der Schlossscheuer und des Farrenstalls<\/h2>\n<p>W\u00e4hrend des Schlossmarktes am 14.10.2018 ist f\u00fcr Interessierte erneut die Schlossscheuer und der Farrenstall ge\u00f6ffnet. Schauen Sie doch einfach vorbei, wir freuen uns.<\/p>\n<h2>Funde aus der Poltringer Ortsgeschichte \u2013 Poltringer Kulturdenkmale<\/h2>\n<p>Poltringen weist einige \u201eKulturdenkmale\u201c auf. Diese sind in der Liste der Kulturdenkmale im Fl\u00e4chennutzungsplan 2020 (FNP) der Gemeinde Ammerbuch von 2008 auf S. 194 und 195 zu finden. In Summe sind dies in Poltringen 15 und werden im FNP folgenderma\u00dfen beschrieben:<\/p>\n<ul>\n<li>Aiblestra\u00dfe 7, Katholische Pfarrkirche St. Clemens, im Kern romanisch, im 15. Jahrhundert sp\u00e4tgotischer Umbau, Saalkirche mit eingezogenem Chor, Chorseitenturm mit Zeltdach, Umbau 1882, 1967, Deckenmalerei des 19. Jahrhundert, neugotischer Altar mit gotischer Kreuzigungsgruppe (um 1400), sitzende Clemensfigur, konstanzisch, um 1380<\/li>\n<li>Aiblestra\u00dfe 37, Keller mit Kellerhaus, siehe Wasserschloss 1, Wasserschloss Poltringen<\/li>\n<li>Ehinger Stra\u00dfe 8, vor dem Haus, am Pfarrgartenweg Steinkruzifix \u00fcber hohem Inschriftsockel und mit Metallkorpus, bezeichnet 1885, samt zwei Prellsteinen und zwei Schutzb\u00e4umen<\/li>\n<li>Pfarrgartenweg 1, vor dem Haus, Flstnr. 9 Bildstock, Heiligenh\u00e4uschen mit Muttergottes, Firstkreuz erneuert, im Schaft bezeichnet 1690<\/li>\n<li>Pfarrgartenweg 10, Pfarrscheune, Fachwerk freiliegend, Satteldach, um 1700, Erweiterung nach Osten im 19. Jahrhundert, mit Resten der Kirchhofmauer<\/li>\n<li>Pfarrgartenweg 11,Pfarrhaus, zweigeschossiger Putzbau, Erdgeschoss mit Spitzbogent\u00fcr, erstes Obergeschoss auskragend, um 1500<\/li>\n<li>Pfarrgartenweg 11, vor dem Haus Bildstock, verputztes Heiligenh\u00e4uschen mit Pieta, 18. Jahrhundert<\/li>\n<li>Pfarrgartenweg 12, Zehntscheune der Bebenh\u00e4user Pflege Roseck, Massivbau mit Eckquaderung und Satteldach, Typus Mitteltennenscheune, 1610 erw\u00e4hnt<\/li>\n<li>Poltringer Hauptstra\u00dfe 87, Katholische Kirche St. Stephan, Mitte 13. Jh., 1750\/62 Langhausneubau und Barockisierung, mehrfach, zuletzt 1982 restauriert, Westturm mit Zwiebelkuppel, vierjochiger Saal mit Stichkappengew\u00f6lbe, Sakramentshaus, um 1500, Rokoko-Hochaltar, Kruzifix, sp\u00e4tes 13. Jahrhundert, steinerne Totenleuchte (14. Jahrhundert),samt Friedhof mit Mauer, darin Priestergrabmal, 1879; Hl. Georg eines fr\u00fcheren Gefallenenehrenmals 1914\/18 von Karl Kunolt; in der S\u00fcdostecke Standort einer bereits 1829 abgebrochenen Kapelle (&#8222;Grufthaus&#8220;) erkennbar.<\/li>\n<li>Poltringer Hauptstra\u00dfe 87, nordwestlich der Kirche, Flstnr. 816 Ammerbr\u00fccke, steinerne Bogenbr\u00fccke, Anfang 19. Jahrhundert oder \u00e4lter, mit neuerem Gel\u00e4nder<\/li>\n<li>Turnerstra\u00dfe 1 (abgerissen 2010), Wohnhaus, dreigeschossiger verputzter Fachwerkbau, im massiven Sockelgeschoss Rundbogentor, Obergeschosse traufseitig auskragend, um 1600, mit j\u00fcngerem Anbau<\/li>\n<li>Wasserschloss 1, 2, 3, 4, 6, Aiblestra\u00dfe 37 Schloss Poltringen, bestehend aus dem Herrenhaus (Wasserschloss 3), dreigeschossiger vierfl\u00fcgeliger Massivbau mit Eckt\u00fcrmen und zwei Erkern, Portal mit Wappen derer von Wolkenstein und Eberstein, 1613 von Baumeister Winlandt nach Entw\u00fcrfen von Heinrich Schickhardt; und dem Amtshaus (Wasserschloss 2), zweigeschossiger Massivbau mit Satteldach, Eckquaderung mit Konsolfigur, Zwillingsfenstern und vermauertem Rundbogen im Obergeschoss, Stockwerksgesims, wohl 16. Jahrhundert; der Remise, heute Wohnhaus (Wasserschloss 1), eingeschossiger Putzbau mit \u00d6konomieteil, 18. Jahrhundert, dem Fruchtkasten (Schlossscheune, Wasserschloss 4), zweigeschossige \u00d6konomie mit Satteldach und Mittelrisalit, Erdgeschoss massiv mit profilierten Rundb\u00f6gen, Obergeschoss Fachwerk, 16. Jahrhundert, nach Brand 1930 in ver\u00e4nderter Form wieder hergestellt, der Schlossm\u00fchle (Wasserschloss 6), bestehend aus dem M\u00fchlengeb\u00e4ude, zweigeschossiger Putzbau mit Staffelgiebel, Radstube und M\u00fchlrad; samt Scheune und Wasserbau (M\u00fchlekanal), dem Keller (Aiblestra\u00dfe 37) mit Kellerhaus in Bruchstein und Rundbogentor, um 1600, sowie der Hoffl\u00e4che und dem umgebenden Wassergraben samt gew\u00f6lbter Steinbr\u00fccke und Ummauerung (n\u00f6rdliche Mauer mit zur\u00fcckgesetzter Einfahrt und Torpfosten, und Gartenummauerung zwischen Wassergraben und M\u00fchlkanal)<\/li>\n<\/ul>\n<p>Wer hierzu vertiefende Informationen beitragen kann oder andere Geschichten als \u201eFundst\u00fccke\u201c beitragen m\u00f6chte, kann sich gerne bei unserer AG melden (heimatgeschichte \u00e4t hwv-ammerbuch punkt de).<\/p>\n<p>F\u00fcr die AG \u201ePoltringer Heimatgeschichte\u201c, Boris Dieter<\/p>\n","protected":false},"excerpt":{"rendered":"<p>Zweites Treffen der &#8222;Arbeitsgemeinschaft Poltringer Heimatgeschichte&#8220; Am 18.09.2018 traf sich die Arbeitsgemeinschaft Poltringer Heimatgeschichte zum zweiten Mal, dabei gesellten sich neue Geschichtsinteressierte hinzu. Boris Dieter und Meinrad Schmid berichteten vom erfolgreichen Tag des Offenen Denkmals. Intensiv wurde auch \u00fcber den drohenden Verkauf der Schlossscheuer gesprochen. Ziel soll sein, so waren sich alle einig, die SchlossscheuerContinue reading &rarr;<\/p>\n","protected":false},"author":1,"featured_media":0,"comment_status":"closed","ping_status":"closed","sticky":false,"template":"","format":"standard","meta":{"footnotes":""},"categories":[1,12],"tags":[],"class_list":["post-2263","post","type-post","status-publish","format-standard","hentry","category-aktuelles","category-poltringer-heimatgeschichte","no-thumb"],"_links":{"self":[{"href":"https:\/\/www.hwv-ammerbuch.de\/index.php?rest_route=\/wp\/v2\/posts\/2263","targetHints":{"allow":["GET"]}}],"collection":[{"href":"https:\/\/www.hwv-ammerbuch.de\/index.php?rest_route=\/wp\/v2\/posts"}],"about":[{"href":"https:\/\/www.hwv-ammerbuch.de\/index.php?rest_route=\/wp\/v2\/types\/post"}],"author":[{"embeddable":true,"href":"https:\/\/www.hwv-ammerbuch.de\/index.php?rest_route=\/wp\/v2\/users\/1"}],"replies":[{"embeddable":true,"href":"https:\/\/www.hwv-ammerbuch.de\/index.php?rest_route=%2Fwp%2Fv2%2Fcomments&post=2263"}],"version-history":[{"count":3,"href":"https:\/\/www.hwv-ammerbuch.de\/index.php?rest_route=\/wp\/v2\/posts\/2263\/revisions"}],"predecessor-version":[{"id":3061,"href":"https:\/\/www.hwv-ammerbuch.de\/index.php?rest_route=\/wp\/v2\/posts\/2263\/revisions\/3061"}],"wp:attachment":[{"href":"https:\/\/www.hwv-ammerbuch.de\/index.php?rest_route=%2Fwp%2Fv2%2Fmedia&parent=2263"}],"wp:term":[{"taxonomy":"category","embeddable":true,"href":"https:\/\/www.hwv-ammerbuch.de\/index.php?rest_route=%2Fwp%2Fv2%2Fcategories&post=2263"},{"taxonomy":"post_tag","embeddable":true,"href":"https:\/\/www.hwv-ammerbuch.de\/index.php?rest_route=%2Fwp%2Fv2%2Ftags&post=2263"}],"curies":[{"name":"wp","href":"https:\/\/api.w.org\/{rel}","templated":true}]}}